{"id":11319,"date":"2023-04-02T10:08:38","date_gmt":"2023-04-02T16:08:38","guid":{"rendered":"https:\/\/contextoanalisisperiodistico.com\/?p=11319"},"modified":"2023-04-02T10:16:10","modified_gmt":"2023-04-02T16:16:10","slug":"construye-gobierno-de-oaxaca-la-paz-seguridad-y-estabilidad-en-el-istmo-salomon-jara-cruz","status":"publish","type":"post","link":"https:\/\/contextoanalisisperiodistico.com\/index.php\/2023\/04\/02\/construye-gobierno-de-oaxaca-la-paz-seguridad-y-estabilidad-en-el-istmo-salomon-jara-cruz\/","title":{"rendered":"Construye Gobierno de Oaxaca la paz, seguridad y estabilidad en el Istmo: Salom\u00f3n Jara Cruz"},"content":{"rendered":"<div id=\"fb-root\"><\/div>\n\n<p>\u2022 El Gobernador encabez\u00f3 el Encuentro con Autoridades Municipales de la regi\u00f3n para escuchar de manera directa las necesidades de la ciudadan\u00eda y sumar esfuerzos con las autoridades para lograr soluciones<\/p>\n\n\n\n<p>Ciudad Ixtepec, Oax., 02 de abril de 2023.- Con una atenci\u00f3n directa por parte del Gobierno del Estado a las demandas de los municipios, comunidades y pueblos del Istmo de Tehuantepec se construye la paz, la seguridad y la estabilidad econ\u00f3mica en esta regi\u00f3n oaxaque\u00f1a.<\/p>\n\n\n\n<p>Durante el Encuentro con ocho autoridades municipales de la regi\u00f3n realizado en este municipio, el Gobernador Salom\u00f3n Jara Cruz inform\u00f3 que su administraci\u00f3n atiende de manera puntual y directa las necesidades de los pueblos y municipios sin importar colores ni creencias.<\/p>\n\n\n\n<p>Afirm\u00f3 que la atenci\u00f3n y la entrega de respuestas a las peticiones y situaciones que se exponen en las poblaciones a las que asiste, genera la estabilidad necesaria para mantener la paz y la gobernabilidad de Oaxaca.<\/p>\n\n\n\n<p>Jara Cruz asegur\u00f3 que todas las peticiones se estudiar\u00e1n y priorizar\u00e1n, y aunque no se puedan atender a todas, se otorgar\u00e1 respuesta a la mayor\u00eda y a aquellas que generen un mayor impacto positivo y colectivo.<\/p>\n\n\n\n<p>\u201cLes pido a todas y todos que dialoguen, que atiendan a las personas y a los pueblos, que generen la paz que necesitamos en Oaxaca para que exista inversi\u00f3n\u201d, dijo.<\/p>\n\n\n\n<p>En el marco de este encuentro en el cual asistieron 30 dependencias estatales, tambi\u00e9n se inform\u00f3 sobre las acciones en materia de seguridad y combate a la delincuencia.<\/p>\n\n\n\n<p>En materia de profesionalizaci\u00f3n policial, se dio a conocer la firma de convenios de colaboraci\u00f3n entre el Gobierno del Estado con 14 autoridades municipales para la aplicaci\u00f3n de evaluaciones de control de confianza a elementos de las corporaciones de seguridad.<\/p>\n\n\n\n<p>Asimismo, se inform\u00f3 que en materia de capacitaci\u00f3n a elementos de las corporaciones han implementado cursos en materia de Derechos Humanos, uso de la fuerza y en empleo de armamento. Tambi\u00e9n se ampli\u00f3 la infraestructura en materia vehicular, a trav\u00e9s de un mayor n\u00famero de unidades que son desplegadas a lo largo de 15 mesas regionales.<\/p>\n\n\n\n<figure class=\"wp-block-image size-large\"><img decoding=\"async\" src=\"https:\/\/contextoanalisisperiodistico.com\/wp-content\/uploads\/2023\/04\/img-20230402-wa0023816819031177338467-1024x683.jpg\" alt=\"\" class=\"wp-image-11321\"\/><\/figure>\n\n\n\n<figure class=\"wp-block-image\"><img decoding=\"async\" src=\"https:\/\/contextoanalisisperiodistico.com\/wp-content\/uploads\/2023\/04\/img-20230402-wa00252142136481066070750-1024x683.jpg\" alt=\"\" class=\"wp-image-11323\"\/><\/figure>\n\n\n\n<figure class=\"wp-block-image\"><img decoding=\"async\" src=\"https:\/\/contextoanalisisperiodistico.com\/wp-content\/uploads\/2023\/04\/img-20230402-wa00286608165320229608122-1024x683.jpg\" alt=\"\" class=\"wp-image-11324\"\/><\/figure>\n\n\n\n<figure class=\"wp-block-image\"><img decoding=\"async\" src=\"https:\/\/contextoanalisisperiodistico.com\/wp-content\/uploads\/2023\/04\/img-20230402-wa00302241568395558124985-1024x682.jpg\" alt=\"\" class=\"wp-image-11325\"\/><\/figure>\n","protected":false},"excerpt":{"rendered":"<p>\u2022 El Gobernador encabez\u00f3 el Encuentro con Autoridades Municipales de la regi\u00f3n para escuchar de&#8230;<\/p>\n","protected":false},"author":4,"featured_media":0,"comment_status":"open","ping_status":"open","sticky":false,"template":"","format":"standard","meta":{"footnotes":""},"categories":[9],"tags":[],"jetpack_sharing_enabled":true,"featured_image_urls":{"full":"","thumbnail":"","medium":"","medium_large":"","large":"","1536x1536":"","2048x2048":"","covernews-slider-full":"","covernews-slider-center":"","covernews-featured":"","covernews-medium":"","covernews-medium-square":""},"author_info":{"display_name":"Mario Gir\u00f3n","author_link":"https:\/\/contextoanalisisperiodistico.com\/index.php\/author\/director\/"},"category_info":"<a href=\"https:\/\/contextoanalisisperiodistico.com\/index.php\/category\/politica\/\" rel=\"category tag\">Pol\u00edtica<\/a>","tag_info":"Pol\u00edtica","comment_count":"0","jetpack_featured_media_url":"","_links":{"self":[{"href":"https:\/\/contextoanalisisperiodistico.com\/index.php\/wp-json\/wp\/v2\/posts\/11319"}],"collection":[{"href":"https:\/\/contextoanalisisperiodistico.com\/index.php\/wp-json\/wp\/v2\/posts"}],"about":[{"href":"https:\/\/contextoanalisisperiodistico.com\/index.php\/wp-json\/wp\/v2\/types\/post"}],"author":[{"embeddable":true,"href":"https:\/\/contextoanalisisperiodistico.com\/index.php\/wp-json\/wp\/v2\/users\/4"}],"replies":[{"embeddable":true,"href":"https:\/\/contextoanalisisperiodistico.com\/index.php\/wp-json\/wp\/v2\/comments?post=11319"}],"version-history":[{"count":2,"href":"https:\/\/contextoanalisisperiodistico.com\/index.php\/wp-json\/wp\/v2\/posts\/11319\/revisions"}],"predecessor-version":[{"id":11327,"href":"https:\/\/contextoanalisisperiodistico.com\/index.php\/wp-json\/wp\/v2\/posts\/11319\/revisions\/11327"}],"wp:attachment":[{"href":"https:\/\/contextoanalisisperiodistico.com\/index.php\/wp-json\/wp\/v2\/media?parent=11319"}],"wp:term":[{"taxonomy":"category","embeddable":true,"href":"https:\/\/contextoanalisisperiodistico.com\/index.php\/wp-json\/wp\/v2\/categories?post=11319"},{"taxonomy":"post_tag","embeddable":true,"href":"https:\/\/contextoanalisisperiodistico.com\/index.php\/wp-json\/wp\/v2\/tags?post=11319"}],"curies":[{"name":"wp","href":"https:\/\/api.w.org\/{rel}","templated":true}]}}