{"id":11287,"date":"2023-03-31T22:11:30","date_gmt":"2023-04-01T04:11:30","guid":{"rendered":"https:\/\/contextoanalisisperiodistico.com\/?p=11287"},"modified":"2023-03-31T22:11:35","modified_gmt":"2023-04-01T04:11:35","slug":"estoy-preparado-para-gobernar-al-pais-reafirma-ricardo-monreal-en-oaxaca","status":"publish","type":"post","link":"https:\/\/contextoanalisisperiodistico.com\/index.php\/2023\/03\/31\/estoy-preparado-para-gobernar-al-pais-reafirma-ricardo-monreal-en-oaxaca\/","title":{"rendered":"\u201cEstoy preparado para gobernar al pa\u00eds\u201d, reafirma Ricardo Monreal en Oaxaca"},"content":{"rendered":"<div id=\"fb-root\"><\/div>\n\n<p>\u00b7&nbsp;&nbsp;&nbsp;&nbsp;&nbsp;&nbsp;&nbsp;&nbsp;Refrenda su disposici\u00f3n para debatir el proyecto de naci\u00f3n con los dem\u00e1s aspirantes de Morena a la Presidencia<\/p>\n\n\n\n<p>Ricardo Monreal afirm\u00f3 en Oaxaca que est\u00e1 preparado para gobernar al pa\u00eds, para profundizar la pol\u00edtica social, alcanzar la autosuficiencia alimentaria e impulsar los proyectos productivos en el campo y la pol\u00edtica industrial y econ\u00f3mica.<\/p>\n\n\n\n<p>En un encuentro extraordinario que sostuvo con simpatizantes, militantes del partido y ciudadanos, afirm\u00f3 que est\u00e1 dispuesto a debatir el proyecto de naci\u00f3n con todos los aspirantes de Morena a la presidencia de la Rep\u00fablica de 2024.<\/p>\n\n\n\n<p>\u201cEstoy dispuesto a debatir con los otros compa\u00f1eros sobre pol\u00edticas p\u00fablicas, el futuro del pa\u00eds, la seguridad, el empleo, la econom\u00eda, los servicios, el medio ambiente, la inteligencia artificial, la rob\u00f3tica y el proyecto industrial\u201d.<\/p>\n\n\n\n<p>\u201cA m\u00ed me gustar\u00eda que debati\u00e9ramos frente a ustedes y que ustedes decidieran con libertad, que nadie les impusiera por quien, sino al contrario que escuchen a todos y que democr\u00e1ticamente digan yo me inclinar\u00eda por tal persona\u201d, expres\u00f3.<\/p>\n\n\n\n<p>Dijo que eso es lo mejor para la democracia, que nadie imponga al candidato y que las y los ciudadanos sepan cu\u00e1l es la mejor propuesta y lo que requiere la naci\u00f3n.<\/p>\n\n\n\n<p>En el foro \u201cVisi\u00f3n de Pa\u00eds\u201d, en el que comparti\u00f3 el proyecto de reconciliaci\u00f3n nacional anta simpatizantes que coreaban \u00a1Presidente!, \u00a1Presidente!, \u00a1Presidente!, Monreal manifest\u00f3:<\/p>\n\n\n\n<p>\u201cSin ninguna jactancia, estoy preparado para gobernar al pa\u00eds, tengo lucidez plena, claridad en lo que est\u00e1 pasando y quiero profundizar el proceso que inici\u00f3 el presidente L\u00f3pez Obrador y las pol\u00edticas que \u00e9l ha implementado\u201d.<\/p>\n\n\n\n<p>En este sentido, dijo que el sur-sureste de la Rep\u00fablica ser\u00e1 una de sus prioridades, particularmente Oaxaca.<\/p>\n\n\n\n<p>Adem\u00e1s, reiter\u00f3 su llamado a la unidad de Morena, para que no se divida el partido, pues si se mantiene la cohesi\u00f3n interna \u201cvamos a ganar el futuro de M\u00e9xico y en 2024 vamos a ratificar el triunfo de nuestro movimiento\u201d.<\/p>\n\n\n\n<p>En esta gira por el estado, Ricardo Monreal tambi\u00e9n se reuni\u00f3n con presidentes municipales y diputados locales, en un intercambio de ideas sobre lo que necesita la entidad.<\/p>\n\n\n\n<p>\u201cTengo planteamientos serios para poder sacar adelante nuestro pa\u00eds, la pol\u00edtica social se va a profundizar, tenemos que buscar que la autosuficiencia alimentaria se logre, el campo necesita del Gobierno, vamos a lograr que las comunidades se escuchen en los proyectos de inversi\u00f3n, proyectos productivos o proyectos de pol\u00edtica industrial y econ\u00f3mica\u201d.<\/p>\n\n\n\n<figure class=\"wp-block-image size-large\"><img decoding=\"async\" src=\"https:\/\/contextoanalisisperiodistico.com\/wp-content\/uploads\/2023\/03\/screenshot_20230331_220613_photos5950150734193837527.jpg\" alt=\"\" class=\"wp-image-11289\"\/><\/figure>\n\n\n\n<figure class=\"wp-block-image\"><img decoding=\"async\" src=\"https:\/\/contextoanalisisperiodistico.com\/wp-content\/uploads\/2023\/03\/screenshot_20230331_220627_photos4688916946352053453-300x167.jpg\" alt=\"\" class=\"wp-image-11290\"\/><\/figure>\n","protected":false},"excerpt":{"rendered":"<p>\u00b7&nbsp;&nbsp;&nbsp;&nbsp;&nbsp;&nbsp;&nbsp;&nbsp;Refrenda su disposici\u00f3n para debatir el proyecto de naci\u00f3n con los dem\u00e1s aspirantes de Morena&#8230;<\/p>\n","protected":false},"author":4,"featured_media":0,"comment_status":"open","ping_status":"open","sticky":false,"template":"","format":"standard","meta":{"footnotes":""},"categories":[9],"tags":[],"jetpack_sharing_enabled":true,"featured_image_urls":{"full":"","thumbnail":"","medium":"","medium_large":"","large":"","1536x1536":"","2048x2048":"","covernews-slider-full":"","covernews-slider-center":"","covernews-featured":"","covernews-medium":"","covernews-medium-square":""},"author_info":{"display_name":"Mario Gir\u00f3n","author_link":"https:\/\/contextoanalisisperiodistico.com\/index.php\/author\/director\/"},"category_info":"<a href=\"https:\/\/contextoanalisisperiodistico.com\/index.php\/category\/politica\/\" rel=\"category tag\">Pol\u00edtica<\/a>","tag_info":"Pol\u00edtica","comment_count":"0","jetpack_featured_media_url":"","_links":{"self":[{"href":"https:\/\/contextoanalisisperiodistico.com\/index.php\/wp-json\/wp\/v2\/posts\/11287"}],"collection":[{"href":"https:\/\/contextoanalisisperiodistico.com\/index.php\/wp-json\/wp\/v2\/posts"}],"about":[{"href":"https:\/\/contextoanalisisperiodistico.com\/index.php\/wp-json\/wp\/v2\/types\/post"}],"author":[{"embeddable":true,"href":"https:\/\/contextoanalisisperiodistico.com\/index.php\/wp-json\/wp\/v2\/users\/4"}],"replies":[{"embeddable":true,"href":"https:\/\/contextoanalisisperiodistico.com\/index.php\/wp-json\/wp\/v2\/comments?post=11287"}],"version-history":[{"count":1,"href":"https:\/\/contextoanalisisperiodistico.com\/index.php\/wp-json\/wp\/v2\/posts\/11287\/revisions"}],"predecessor-version":[{"id":11291,"href":"https:\/\/contextoanalisisperiodistico.com\/index.php\/wp-json\/wp\/v2\/posts\/11287\/revisions\/11291"}],"wp:attachment":[{"href":"https:\/\/contextoanalisisperiodistico.com\/index.php\/wp-json\/wp\/v2\/media?parent=11287"}],"wp:term":[{"taxonomy":"category","embeddable":true,"href":"https:\/\/contextoanalisisperiodistico.com\/index.php\/wp-json\/wp\/v2\/categories?post=11287"},{"taxonomy":"post_tag","embeddable":true,"href":"https:\/\/contextoanalisisperiodistico.com\/index.php\/wp-json\/wp\/v2\/tags?post=11287"}],"curies":[{"name":"wp","href":"https:\/\/api.w.org\/{rel}","templated":true}]}}