{"id":11270,"date":"2023-03-31T19:32:50","date_gmt":"2023-04-01T01:32:50","guid":{"rendered":"https:\/\/contextoanalisisperiodistico.com\/?p=11270"},"modified":"2023-03-31T19:32:57","modified_gmt":"2023-04-01T01:32:57","slug":"entrega-ieepo-mobiliario-y-material-a-escuelas-de-nivel-basico-del-istmo","status":"publish","type":"post","link":"https:\/\/contextoanalisisperiodistico.com\/index.php\/2023\/03\/31\/entrega-ieepo-mobiliario-y-material-a-escuelas-de-nivel-basico-del-istmo\/","title":{"rendered":"Entrega IEEPO mobiliario y material a escuelas de nivel b\u00e1sico del Istmo"},"content":{"rendered":"<div id=\"fb-root\"><\/div>\n\n<p>\u2022 A nombre del Gobernador Salom\u00f3n Jara Cruz, el Director General del Instituto Emilio Montero P\u00e9rez refrend\u00f3 la cercan\u00eda con las localidades para atender sus solicitudes<br \/>Juchit\u00e1n de Zaragoza, Oax. 31 de marzo de 2023.- En el compromiso del Gobernador del Estado Salom\u00f3n Jara Cruz, de mejorar las condiciones de los planteles de educaci\u00f3n b\u00e1sica y cumplir con el eje transversal de su administraci\u00f3n sobre el Inter\u00e9s Superior de Ni\u00f1as, Ni\u00f1os y Adolescentes, el director general del Instituto Estatal de Educaci\u00f3n P\u00fablica de Oaxaca (IEEPO), Emilio Montero P\u00e9rez entreg\u00f3 en Juchit\u00e1n de Zaragoza, mobiliario, material de aseo, deportivo, de oficina y pintura a nueve escuelas de esta zona.<\/p>\n\n\n\n<p>En el evento realizado en la Escuela Primaria Biling\u00fce \u201cSa\u00fal Mart\u00ednez\u201d, de la Octava Secci\u00f3n de esta heroica ciudad, se\u00f1al\u00f3 que derivado de las solicitudes que ha recibido y la cercan\u00eda que ha tenido con las localidades, se hacen llegar estos apoyos en beneficio del alumnado y docentes, muestra clara de la respuesta de este Gobierno por la transformaci\u00f3n educativa.<\/p>\n\n\n\n<p>Ante el presidente municipal de Juchit\u00e1n, Miguel S\u00e1nchez Altamirano, integrantes del cabildo, la presidenta del DIF Municipal, Yoshira S\u00e1nchez L\u00f3pez; del director del plantel, Manfred P\u00e9rez Mijangos, de docentes, escolares, madres y padres de familia, se\u00f1al\u00f3 que en Oaxaca el tema educativo se atiende en una suma de esfuerzos, con responsabilidad y le encomienda de ser sensible ante las necesidades.<\/p>\n\n\n\n<p>\u201cHay muchas formas de hacer gobierno, desde el escritorio s\u00f3lo recibiendo documentos e imaginando las necesidades y otra forma es llegando al territorio, entrar a los salones, caminar las escuelas, escuchar a los padres de familia y autoridades, bajo esa premisa vamos\u201d, puntualiz\u00f3.<\/p>\n\n\n\n<p>Con la representaci\u00f3n de las y los estudiantes beneficiados, el ni\u00f1o El\u00edas L\u00f3pez Jim\u00e9nez, agradeci\u00f3 el apoyo brindado a las instituciones. \u201cNo tenga la menor duda que sabremos aprovechar y cuidar el mobiliario. Le pedimos que en su noble labor contin\u00fae apoyando a las escuelas de Juchit\u00e1n. \u00a1Gracias por no olvidarse de su gente!\u201d, le dijo.<\/p>\n\n\n\n<p>En un d\u00eda de fiesta para la comunidad escolar de Juchit\u00e1n, alumnas y alumnos presentaron una poes\u00eda e interpretaron cantos en su lengua natal, el zapoteco, como parte de la educaci\u00f3n biling\u00fce que reciben en la preservaci\u00f3n y rescate de su cultura, lo que adem\u00e1s les forja un sentido de amor e identidad con su tierra.<\/p>\n\n\n\n<p>As\u00ed tambi\u00e9n, como parte del programa de Fomento a la Lectura que impulsa el Gobernador Salom\u00f3n Jara Cruz, el Director General del IEEPO comparti\u00f3 con el alumnado de los planteles beneficiados, \u201cEl oso Ale va a la Luna\u201d, un cuento de la autor\u00eda de Ilaria Bresciani.<\/p>\n\n\n\n<p>-0-<\/p>\n\n\n\n<figure class=\"wp-block-image size-large\"><img decoding=\"async\" src=\"https:\/\/contextoanalisisperiodistico.com\/wp-content\/uploads\/2023\/03\/img-20230331-wa00898323739081251082738.jpg\" alt=\"\" class=\"wp-image-11272\"\/><\/figure>\n\n\n\n<figure class=\"wp-block-image\"><img decoding=\"async\" src=\"https:\/\/contextoanalisisperiodistico.com\/wp-content\/uploads\/2023\/03\/img-20230331-wa00906462421012241421706-300x200.jpg\" alt=\"\" class=\"wp-image-11274\"\/><\/figure>\n\n\n\n<figure class=\"wp-block-image\"><img decoding=\"async\" src=\"https:\/\/contextoanalisisperiodistico.com\/wp-content\/uploads\/2023\/03\/img-20230331-wa00884700824255521053527-300x200.jpg\" alt=\"\" class=\"wp-image-11273\"\/><\/figure>\n","protected":false},"excerpt":{"rendered":"<p>\u2022 A nombre del Gobernador Salom\u00f3n Jara Cruz, el Director General del Instituto Emilio Montero&#8230;<\/p>\n","protected":false},"author":4,"featured_media":0,"comment_status":"open","ping_status":"open","sticky":false,"template":"","format":"standard","meta":{"footnotes":""},"categories":[9],"tags":[],"jetpack_sharing_enabled":true,"featured_image_urls":{"full":"","thumbnail":"","medium":"","medium_large":"","large":"","1536x1536":"","2048x2048":"","covernews-slider-full":"","covernews-slider-center":"","covernews-featured":"","covernews-medium":"","covernews-medium-square":""},"author_info":{"display_name":"Mario Gir\u00f3n","author_link":"https:\/\/contextoanalisisperiodistico.com\/index.php\/author\/director\/"},"category_info":"<a href=\"https:\/\/contextoanalisisperiodistico.com\/index.php\/category\/politica\/\" rel=\"category tag\">Pol\u00edtica<\/a>","tag_info":"Pol\u00edtica","comment_count":"0","jetpack_featured_media_url":"","_links":{"self":[{"href":"https:\/\/contextoanalisisperiodistico.com\/index.php\/wp-json\/wp\/v2\/posts\/11270"}],"collection":[{"href":"https:\/\/contextoanalisisperiodistico.com\/index.php\/wp-json\/wp\/v2\/posts"}],"about":[{"href":"https:\/\/contextoanalisisperiodistico.com\/index.php\/wp-json\/wp\/v2\/types\/post"}],"author":[{"embeddable":true,"href":"https:\/\/contextoanalisisperiodistico.com\/index.php\/wp-json\/wp\/v2\/users\/4"}],"replies":[{"embeddable":true,"href":"https:\/\/contextoanalisisperiodistico.com\/index.php\/wp-json\/wp\/v2\/comments?post=11270"}],"version-history":[{"count":1,"href":"https:\/\/contextoanalisisperiodistico.com\/index.php\/wp-json\/wp\/v2\/posts\/11270\/revisions"}],"predecessor-version":[{"id":11275,"href":"https:\/\/contextoanalisisperiodistico.com\/index.php\/wp-json\/wp\/v2\/posts\/11270\/revisions\/11275"}],"wp:attachment":[{"href":"https:\/\/contextoanalisisperiodistico.com\/index.php\/wp-json\/wp\/v2\/media?parent=11270"}],"wp:term":[{"taxonomy":"category","embeddable":true,"href":"https:\/\/contextoanalisisperiodistico.com\/index.php\/wp-json\/wp\/v2\/categories?post=11270"},{"taxonomy":"post_tag","embeddable":true,"href":"https:\/\/contextoanalisisperiodistico.com\/index.php\/wp-json\/wp\/v2\/tags?post=11270"}],"curies":[{"name":"wp","href":"https:\/\/api.w.org\/{rel}","templated":true}]}}