{"id":11255,"date":"2023-03-31T15:32:11","date_gmt":"2023-03-31T21:32:11","guid":{"rendered":"https:\/\/contextoanalisisperiodistico.com\/?p=11255"},"modified":"2023-03-31T15:32:49","modified_gmt":"2023-03-31T21:32:49","slug":"en-apego-a-normatividad-del-6-al-8-de-abril-dias-de-descanso-al-personal-de-base-secretaria-de-administracion","status":"publish","type":"post","link":"https:\/\/contextoanalisisperiodistico.com\/index.php\/2023\/03\/31\/en-apego-a-normatividad-del-6-al-8-de-abril-dias-de-descanso-al-personal-de-base-secretaria-de-administracion\/","title":{"rendered":"En apego a normatividad, del 6 al 8 de abril d\u00edas de descanso al personal de base: Secretar\u00eda de Administraci\u00f3n"},"content":{"rendered":"<div id=\"fb-root\"><\/div>\n\n<p>Oaxaca de Ju\u00e1rez, Oax. 31 de marzo de 2023.- El Gobierno del Estado a trav\u00e9s de la Secretar\u00eda de Administraci\u00f3n informa que de acuerdo a la normatividad vigente los d\u00edas de descanso, por observaci\u00f3n local del personal de base, ser\u00e1n los d\u00edas jueves 6, viernes 7 y s\u00e1bado 8 de abril del presente a\u00f1o.<\/p>\n\n\n\n<p>Lo anterior, de acuerdo con los procedimientos legales correspondientes en Materia de Recursos Humanos para las dependencias y entidades de la Administraci\u00f3n P\u00fablica Estatal, que en el Cap\u00edtulo XI, Art\u00edculo 96, establece los d\u00edas de descanso para este a\u00f1o 2023.<\/p>\n\n\n\n<p>De esta manera, la Secretar\u00eda de Administraci\u00f3n ratifica el compromiso con las y los trabajadores de base, respetando plenamente sus derechos laborales.<\/p>\n\n\n\n<p>-0-<\/p>\n","protected":false},"excerpt":{"rendered":"<p>Oaxaca de Ju\u00e1rez, Oax. 31 de marzo de 2023.- El Gobierno del Estado a trav\u00e9s&#8230;<\/p>\n","protected":false},"author":4,"featured_media":11256,"comment_status":"open","ping_status":"open","sticky":false,"template":"","format":"standard","meta":{"footnotes":""},"categories":[9],"tags":[],"jetpack_sharing_enabled":true,"featured_image_urls":{"full":["https:\/\/contextoanalisisperiodistico.com\/wp-content\/uploads\/2023\/03\/IMG-20230331-WA0062.jpg",1600,1600,false],"thumbnail":["https:\/\/contextoanalisisperiodistico.com\/wp-content\/uploads\/2023\/03\/IMG-20230331-WA0062-150x150.jpg",150,150,true],"medium":["https:\/\/contextoanalisisperiodistico.com\/wp-content\/uploads\/2023\/03\/IMG-20230331-WA0062-300x300.jpg",300,300,true],"medium_large":["https:\/\/contextoanalisisperiodistico.com\/wp-content\/uploads\/2023\/03\/IMG-20230331-WA0062-768x768.jpg",640,640,true],"large":["https:\/\/contextoanalisisperiodistico.com\/wp-content\/uploads\/2023\/03\/IMG-20230331-WA0062-1024x1024.jpg",640,640,true],"1536x1536":["https:\/\/contextoanalisisperiodistico.com\/wp-content\/uploads\/2023\/03\/IMG-20230331-WA0062-1536x1536.jpg",1536,1536,true],"2048x2048":["https:\/\/contextoanalisisperiodistico.com\/wp-content\/uploads\/2023\/03\/IMG-20230331-WA0062.jpg",1600,1600,false],"covernews-slider-full":["https:\/\/contextoanalisisperiodistico.com\/wp-content\/uploads\/2023\/03\/IMG-20230331-WA0062-1115x715.jpg",1115,715,true],"covernews-slider-center":["https:\/\/contextoanalisisperiodistico.com\/wp-content\/uploads\/2023\/03\/IMG-20230331-WA0062-800x500.jpg",800,500,true],"covernews-featured":["https:\/\/contextoanalisisperiodistico.com\/wp-content\/uploads\/2023\/03\/IMG-20230331-WA0062-1024x1024.jpg",1024,1024,true],"covernews-medium":["https:\/\/contextoanalisisperiodistico.com\/wp-content\/uploads\/2023\/03\/IMG-20230331-WA0062-540x340.jpg",540,340,true],"covernews-medium-square":["https:\/\/contextoanalisisperiodistico.com\/wp-content\/uploads\/2023\/03\/IMG-20230331-WA0062-400x250.jpg",400,250,true]},"author_info":{"display_name":"Mario Gir\u00f3n","author_link":"https:\/\/contextoanalisisperiodistico.com\/index.php\/author\/director\/"},"category_info":"<a href=\"https:\/\/contextoanalisisperiodistico.com\/index.php\/category\/politica\/\" rel=\"category tag\">Pol\u00edtica<\/a>","tag_info":"Pol\u00edtica","comment_count":"0","jetpack_featured_media_url":"https:\/\/contextoanalisisperiodistico.com\/wp-content\/uploads\/2023\/03\/IMG-20230331-WA0062.jpg","_links":{"self":[{"href":"https:\/\/contextoanalisisperiodistico.com\/index.php\/wp-json\/wp\/v2\/posts\/11255"}],"collection":[{"href":"https:\/\/contextoanalisisperiodistico.com\/index.php\/wp-json\/wp\/v2\/posts"}],"about":[{"href":"https:\/\/contextoanalisisperiodistico.com\/index.php\/wp-json\/wp\/v2\/types\/post"}],"author":[{"embeddable":true,"href":"https:\/\/contextoanalisisperiodistico.com\/index.php\/wp-json\/wp\/v2\/users\/4"}],"replies":[{"embeddable":true,"href":"https:\/\/contextoanalisisperiodistico.com\/index.php\/wp-json\/wp\/v2\/comments?post=11255"}],"version-history":[{"count":1,"href":"https:\/\/contextoanalisisperiodistico.com\/index.php\/wp-json\/wp\/v2\/posts\/11255\/revisions"}],"predecessor-version":[{"id":11257,"href":"https:\/\/contextoanalisisperiodistico.com\/index.php\/wp-json\/wp\/v2\/posts\/11255\/revisions\/11257"}],"wp:featuredmedia":[{"embeddable":true,"href":"https:\/\/contextoanalisisperiodistico.com\/index.php\/wp-json\/wp\/v2\/media\/11256"}],"wp:attachment":[{"href":"https:\/\/contextoanalisisperiodistico.com\/index.php\/wp-json\/wp\/v2\/media?parent=11255"}],"wp:term":[{"taxonomy":"category","embeddable":true,"href":"https:\/\/contextoanalisisperiodistico.com\/index.php\/wp-json\/wp\/v2\/categories?post=11255"},{"taxonomy":"post_tag","embeddable":true,"href":"https:\/\/contextoanalisisperiodistico.com\/index.php\/wp-json\/wp\/v2\/tags?post=11255"}],"curies":[{"name":"wp","href":"https:\/\/api.w.org\/{rel}","templated":true}]}}