{"id":11254,"date":"2023-03-31T15:07:02","date_gmt":"2023-03-31T21:07:02","guid":{"rendered":"https:\/\/contextoanalisisperiodistico.com\/index.php\/2023\/03\/31\/que-la-ciudad-luzca-bien-limpia-con-seguridad-y-mantenimiento-martinez-neri\/"},"modified":"2023-03-31T15:07:02","modified_gmt":"2023-03-31T21:07:02","slug":"que-la-ciudad-luzca-bien-limpia-con-seguridad-y-mantenimiento-martinez-neri","status":"publish","type":"post","link":"https:\/\/contextoanalisisperiodistico.com\/index.php\/2023\/03\/31\/que-la-ciudad-luzca-bien-limpia-con-seguridad-y-mantenimiento-martinez-neri\/","title":{"rendered":"Que la ciudad luzca bien, limpia, con seguridad y mantenimiento: Mart\u00ednez Neri"},"content":{"rendered":"<div id=\"fb-root\"><\/div>\n\n<p>Hoy, a partir de las 5:00, el presidente municipal, Francisco Mart\u00ednez Neri, inici\u00f3 su jornada de trabajo. <\/p>\n\n\n\n<p>Acompa\u00f1ado de servidores p\u00fablicos, acudi\u00f3 a supervisar el trabajo en parques y jard\u00ednes.<\/p>\n\n\n\n<figure class=\"wp-block-video\"><video controls src=\"https:\/\/contextoanalisisperiodistico.com\/wp-content\/uploads\/2023\/03\/VID-20230331-WA0056.mp4\"><\/video><\/figure>\n\n\n\n<figure class=\"wp-block-image size-large\"><img decoding=\"async\" src=\"https:\/\/contextoanalisisperiodistico.com\/wp-content\/uploads\/2023\/03\/screenshot_20230331_145934_whatsapp9035405124986703990.jpg\" alt=\"\" class=\"wp-image-11253\"\/><\/figure>\n\n\n\n<figure class=\"wp-block-image\"><img decoding=\"async\" src=\"https:\/\/contextoanalisisperiodistico.com\/wp-content\/uploads\/2023\/03\/screenshot_20230331_145938_whatsapp3787537519278959528-300x253.jpg\" alt=\"\" class=\"wp-image-11252\"\/><\/figure>\n","protected":false},"excerpt":{"rendered":"<p>Hoy, a partir de las 5:00, el presidente municipal, Francisco Mart\u00ednez Neri, inici\u00f3 su jornada&#8230;<\/p>\n","protected":false},"author":4,"featured_media":0,"comment_status":"open","ping_status":"open","sticky":false,"template":"","format":"standard","meta":{"footnotes":""},"categories":[9],"tags":[],"jetpack_sharing_enabled":true,"featured_image_urls":{"full":"","thumbnail":"","medium":"","medium_large":"","large":"","1536x1536":"","2048x2048":"","covernews-slider-full":"","covernews-slider-center":"","covernews-featured":"","covernews-medium":"","covernews-medium-square":""},"author_info":{"display_name":"Mario Gir\u00f3n","author_link":"https:\/\/contextoanalisisperiodistico.com\/index.php\/author\/director\/"},"category_info":"<a href=\"https:\/\/contextoanalisisperiodistico.com\/index.php\/category\/politica\/\" rel=\"category tag\">Pol\u00edtica<\/a>","tag_info":"Pol\u00edtica","comment_count":"0","jetpack_featured_media_url":"","_links":{"self":[{"href":"https:\/\/contextoanalisisperiodistico.com\/index.php\/wp-json\/wp\/v2\/posts\/11254"}],"collection":[{"href":"https:\/\/contextoanalisisperiodistico.com\/index.php\/wp-json\/wp\/v2\/posts"}],"about":[{"href":"https:\/\/contextoanalisisperiodistico.com\/index.php\/wp-json\/wp\/v2\/types\/post"}],"author":[{"embeddable":true,"href":"https:\/\/contextoanalisisperiodistico.com\/index.php\/wp-json\/wp\/v2\/users\/4"}],"replies":[{"embeddable":true,"href":"https:\/\/contextoanalisisperiodistico.com\/index.php\/wp-json\/wp\/v2\/comments?post=11254"}],"version-history":[{"count":0,"href":"https:\/\/contextoanalisisperiodistico.com\/index.php\/wp-json\/wp\/v2\/posts\/11254\/revisions"}],"wp:attachment":[{"href":"https:\/\/contextoanalisisperiodistico.com\/index.php\/wp-json\/wp\/v2\/media?parent=11254"}],"wp:term":[{"taxonomy":"category","embeddable":true,"href":"https:\/\/contextoanalisisperiodistico.com\/index.php\/wp-json\/wp\/v2\/categories?post=11254"},{"taxonomy":"post_tag","embeddable":true,"href":"https:\/\/contextoanalisisperiodistico.com\/index.php\/wp-json\/wp\/v2\/tags?post=11254"}],"curies":[{"name":"wp","href":"https:\/\/api.w.org\/{rel}","templated":true}]}}