{"id":11244,"date":"2023-03-31T14:04:36","date_gmt":"2023-03-31T20:04:36","guid":{"rendered":"https:\/\/contextoanalisisperiodistico.com\/?p=11244"},"modified":"2023-03-31T14:04:44","modified_gmt":"2023-03-31T20:04:44","slug":"plan-estatal-de-desarrollo-potencializara-proyectos-del-corredor-interoceanico-del-istmo-de-tehuantepec","status":"publish","type":"post","link":"https:\/\/contextoanalisisperiodistico.com\/index.php\/2023\/03\/31\/plan-estatal-de-desarrollo-potencializara-proyectos-del-corredor-interoceanico-del-istmo-de-tehuantepec\/","title":{"rendered":"Plan Estatal de Desarrollo potencializar\u00e1 proyectos del Corredor Interoce\u00e1nico del Istmo de Tehuantepec"},"content":{"rendered":"<div id=\"fb-root\"><\/div>\n\n<ul>\n<li>Los gobiernos estatal y federal trabajan de manera coordinada para generar sinergias en los proyectos del CIIT y detonar el desarrollo econ\u00f3mico y social en los municipios de esta regi\u00f3n<\/li>\n<\/ul>\n\n\n\n<p>Oaxaca de Ju\u00e1rez, Oax. 31 de marzo de 2023.- Los gobiernos estatal y federal trabajan de manera coordinada en los proyectos del Corredor Interoce\u00e1nico del Istmo de Tehuantepec (CIIT) con el fin de detonar el desarrollo econ\u00f3mico, productivo y social de 46 municipios de influencia en la regi\u00f3n, as\u00ed como en todo el estado.<\/p>\n\n\n\n<p>El Gobierno del Estado que encabeza Salom\u00f3n Jara Cruz contemplar\u00e1 en el Plan Estatal de Desarrollo 2022-2028 los programas y proyectos que sumen acciones con los que plantea el Gobierno Federal para beneficiar a la ciudadan\u00eda en los sectores agroalimentario, de desarrollo industrial, turismo comunitario y sostenible, as\u00ed como en la formaci\u00f3n de capital humano, temas que fueron impartidos en diversas mesas trabajo.<\/p>\n\n\n\n<p>En este marco, la Comisi\u00f3n Intersecretarial del Estado de Oaxaca ante el Proyecto del Corredor Interoce\u00e1nico del Istmo de Tehuantepec que encabeza Sildia Mecott G\u00f3mez convoc\u00f3 la participaci\u00f3n de representantes de 12 secretar\u00edas estatales y legisladores del Congreso del Estado.<\/p>\n\n\n\n<p>La Comisi\u00f3n organiz\u00f3 el taller Desarrollo de los Sectores Productivos en el marco del Programa para el Desarrollo del Istmo de Tehuantepec con la finalidad de exponer las \u00e1reas que pueden ser aprovechadas por las secretar\u00edas y dependencias estatales para crear cadenas productivas en beneficio de campesinos y productores de la regi\u00f3n.<\/p>\n\n\n\n<p>Los talleres fueron encabezados por la coordinadora general para el Desarrollo Agroalimentario y Agroindustrial del CIIT, Ana Lilia Cruz Salinas y la directora Ejecutiva de Fomento a Programas de Apoyo y Desarrollo de Cadenas Productivas del CIIT, Jaqueline Tiburcio Castro, ambas del Gobierno de M\u00e9xico.<\/p>\n\n\n\n<p>Las funcionarias explicaron los programas y estrategias que se contemplan para coordinar los proyectos de los gobiernos federal y estatal, lo que repercutir\u00e1 en la unificaci\u00f3n de esfuerzos en beneficio de la poblaci\u00f3n de los 46 municipios del Istmo de Tehuantepec involucrados de manera directa, as\u00ed como para el resto de la poblaci\u00f3n oaxaque\u00f1a.<\/p>\n\n\n\n<p>Se busca que los municipios puedan aprovechar sus potenciales en los diferentes sectores productivos, generar inversiones en los mismos y encontrar canales de comercializaci\u00f3n y distribuci\u00f3n que les permitan mejorar los ingresos, as\u00ed como encontrar nuevos mercados y canales de exportaci\u00f3n, adem\u00e1s de la formaci\u00f3n y capacitaci\u00f3n de personal especializado para cubrir la oferta de empleos.<\/p>\n\n\n\n<p>Estas acciones, que impulsa la administraci\u00f3n del Gobernador Salom\u00f3n Jara Cruz, forman parte del eje transversal del Gobierno del Estado para la Reparaci\u00f3n Hist\u00f3rica de los Pueblos y mejorar la calidad de vida de las y los oaxaque\u00f1os.<\/p>\n\n\n\n<p>En la mesa del sector agroindustrial se present\u00f3 la estrategia para el desarrollo del sector con la participaci\u00f3n de representantes de seis secretar\u00edas estatales, a quienes se les expusieron las acciones y sinergias que se contemplan para unificar recursos en este rubro.<\/p>\n\n\n\n<p>En la inauguraci\u00f3n del taller participaron tambi\u00e9n el diputado Luis Alfonso Silva Romo, presidente de la Junta de Coordinaci\u00f3n Pol\u00edtica del Congreso del Estado y Alcide Garc\u00eda Guzm\u00e1n, titular de la Coordinaci\u00f3n General de Educaci\u00f3n Media Superior y Superior, Ciencia y Tecnolog\u00eda (CGEMSySCyT).<\/p>\n\n\n\n<p>-0-<\/p>\n\n\n\n<figure class=\"wp-block-image size-large\"><img decoding=\"async\" src=\"https:\/\/contextoanalisisperiodistico.com\/wp-content\/uploads\/2023\/03\/img-20230331-wa00608347678212097013392-1024x682.jpg\" alt=\"\" class=\"wp-image-11247\"\/><\/figure>\n\n\n\n<figure class=\"wp-block-image\"><img decoding=\"async\" src=\"https:\/\/contextoanalisisperiodistico.com\/wp-content\/uploads\/2023\/03\/img-20230331-wa0055890875255494667141-300x225.jpg\" alt=\"\" class=\"wp-image-11246\"\/><\/figure>\n","protected":false},"excerpt":{"rendered":"<p>Oaxaca de Ju\u00e1rez, Oax. 31 de marzo de 2023.- Los gobiernos estatal y federal trabajan&#8230;<\/p>\n","protected":false},"author":4,"featured_media":0,"comment_status":"open","ping_status":"open","sticky":false,"template":"","format":"standard","meta":{"footnotes":""},"categories":[9],"tags":[],"jetpack_sharing_enabled":true,"featured_image_urls":{"full":"","thumbnail":"","medium":"","medium_large":"","large":"","1536x1536":"","2048x2048":"","covernews-slider-full":"","covernews-slider-center":"","covernews-featured":"","covernews-medium":"","covernews-medium-square":""},"author_info":{"display_name":"Mario Gir\u00f3n","author_link":"https:\/\/contextoanalisisperiodistico.com\/index.php\/author\/director\/"},"category_info":"<a href=\"https:\/\/contextoanalisisperiodistico.com\/index.php\/category\/politica\/\" rel=\"category tag\">Pol\u00edtica<\/a>","tag_info":"Pol\u00edtica","comment_count":"0","jetpack_featured_media_url":"","_links":{"self":[{"href":"https:\/\/contextoanalisisperiodistico.com\/index.php\/wp-json\/wp\/v2\/posts\/11244"}],"collection":[{"href":"https:\/\/contextoanalisisperiodistico.com\/index.php\/wp-json\/wp\/v2\/posts"}],"about":[{"href":"https:\/\/contextoanalisisperiodistico.com\/index.php\/wp-json\/wp\/v2\/types\/post"}],"author":[{"embeddable":true,"href":"https:\/\/contextoanalisisperiodistico.com\/index.php\/wp-json\/wp\/v2\/users\/4"}],"replies":[{"embeddable":true,"href":"https:\/\/contextoanalisisperiodistico.com\/index.php\/wp-json\/wp\/v2\/comments?post=11244"}],"version-history":[{"count":1,"href":"https:\/\/contextoanalisisperiodistico.com\/index.php\/wp-json\/wp\/v2\/posts\/11244\/revisions"}],"predecessor-version":[{"id":11248,"href":"https:\/\/contextoanalisisperiodistico.com\/index.php\/wp-json\/wp\/v2\/posts\/11244\/revisions\/11248"}],"wp:attachment":[{"href":"https:\/\/contextoanalisisperiodistico.com\/index.php\/wp-json\/wp\/v2\/media?parent=11244"}],"wp:term":[{"taxonomy":"category","embeddable":true,"href":"https:\/\/contextoanalisisperiodistico.com\/index.php\/wp-json\/wp\/v2\/categories?post=11244"},{"taxonomy":"post_tag","embeddable":true,"href":"https:\/\/contextoanalisisperiodistico.com\/index.php\/wp-json\/wp\/v2\/tags?post=11244"}],"curies":[{"name":"wp","href":"https:\/\/api.w.org\/{rel}","templated":true}]}}