{"id":11228,"date":"2023-03-31T06:46:13","date_gmt":"2023-03-31T12:46:13","guid":{"rendered":"https:\/\/contextoanalisisperiodistico.com\/?p=11228"},"modified":"2023-03-31T06:46:21","modified_gmt":"2023-03-31T12:46:21","slug":"la-transformacion-en-oaxaca-ya-es-palpable-gobernador-salomon-jara","status":"publish","type":"post","link":"https:\/\/contextoanalisisperiodistico.com\/index.php\/2023\/03\/31\/la-transformacion-en-oaxaca-ya-es-palpable-gobernador-salomon-jara\/","title":{"rendered":"La Transformaci\u00f3n en Oaxaca ya es palpable: Gobernador Salom\u00f3n Jara"},"content":{"rendered":"<div id=\"fb-root\"><\/div>\n\n<p>\u2022 El Gobernador de Oaxaca se\u00f1al\u00f3 que gracias a la pol\u00edtica de austeridad se ha logrado un ahorro significativo de 500 millones de pesos, los cuales se destinar\u00e1n en obras de impacto social<\/p>\n\n\n\n<p>Oaxaca de Ju\u00e1rez, Oaxaca. 30 de marzo de 2023.- El Gobernador del Estado Salom\u00f3n Jara Cruz se\u00f1al\u00f3 que la transformaci\u00f3n en Oaxaca es palpable, ya que gracias a la pol\u00edtica de austeridad los recursos se destinan en obras sociales y acciones que detonar\u00e1n el desarrollo de la entidad.<\/p>\n\n\n\n<p>Bajo la encomienda de \u201cno tener un gobierno rico y un pueblo pobre\u201d, el Mandatario estatal indic\u00f3 durante la emisi\u00f3n de este \u201cJueves de Gozona\u201d, que la pol\u00edtica de austeridad implementada en su administraci\u00f3n ha logrado un ahorro significativo de 500 millones de pesos, acci\u00f3n que beneficia directamente al pueblo.<\/p>\n\n\n\n<p>\u201cEl prop\u00f3sito de esta estrategia es la optimizaci\u00f3n del recurso para contribuir al gasto social e invertir para el bienestar de las y los oaxaque\u00f1os, y de esta forma dejar de ocupar los \u00faltimos lugares de desarrollo en el pa\u00eds\u201d, sostuvo.<\/p>\n\n\n\n<p>\u201cCuando se requiere de recursos, es para hacer que Oaxaca crezca, tengamos vivienda, salud y educaci\u00f3n, en eso se va a invertir el ahorro que generaremos en este gobierno\u201d afirm\u00f3.<\/p>\n\n\n\n<p>Prueba de ello es que, con el aprovechamiento de este capital, la administraci\u00f3n estatal impulsa la construcci\u00f3n de caminos a las agencias municipales, acci\u00f3n en la cual se invertir\u00e1n mil millones de pesos.<\/p>\n\n\n\n<p>Tambi\u00e9n, reiter\u00f3 que para contribuir al cuidado del medio ambiente, se realizar\u00e1 en este a\u00f1o la reforestaci\u00f3n de 33 mil hect\u00e1reas con \u00e1rboles frutales y maderables en las comunidades de las ocho regiones.<\/p>\n\n\n\n<p>El titular de la Gubernatura indic\u00f3 que se beneficiar\u00e1 al campo mediante programas para estimular la producci\u00f3n de alimentos por medio de la siembra del ma\u00edz y las hortalizas, con la finalidad de garantizar en la entidad la autosuficiencia alimentaria.<\/p>\n\n\n\n<p>Asimismo, indic\u00f3 que en breve se dar\u00e1 a conocer el Plan Estatal de Desarrollo, el cual ser\u00e1 una de las directrices para orientar de forma adecuada el recurso, de acuerdo con las necesidades de Oaxaca.<\/p>\n\n\n\n<p>Afirm\u00f3 que en esta nueva etapa para la entidad, las obras de impacto ser\u00e1n planeadas y responder\u00e1n las necesidades reales de la sociedad, porque nada se har\u00e1 a capricho ni ser\u00e1n ocurrencias.<\/p>\n\n\n\n<p>Esto es una garant\u00eda toda vez que, para la construcci\u00f3n del Plan de Desarrollo, tuvieron intervenci\u00f3n todos los sectores, pueblos, comunidades y municipios, quienes abonaron a este instrumento que permitir\u00e1 el crecimiento de Oaxaca en orden.<\/p>\n\n\n\n<p>\u201cEn este gobierno no habr\u00e1 derroche de dinero en acciones sin impactos e innecesarias, como en la anterior administraci\u00f3n que dej\u00f3 obras abandonadas o sin concluir, tales como el Teatro \u00c1lvaro Carrillo y el Foro Huatulco\u201d, manifest\u00f3.<\/p>\n\n\n\n<p>En esta emisi\u00f3n de \u201cJueves de Gozona\u201d, el Gobernador Salom\u00f3n Jara Cruz estuvo acompa\u00f1ado de Jes\u00fas Romero L\u00f3pez, secretario de Gobierno; Laura Estrada Mauro, titular de la Secretar\u00eda de Bienestar, Tequio e Inclusi\u00f3n; Luis Francisco Mart\u00ednez Aquino, presidente municipal de Ocotl\u00e1n de Morelos y Roc\u00edo Z\u00fa\u00f1iga Bonilla.<\/p>\n\n\n\n<p>Tambi\u00e9n se cont\u00f3 con la participaci\u00f3n de maestras y maestros artesanos provenientes de Ocotl\u00e1n de Morelos, quienes dieron una demostraci\u00f3n de las emblem\u00e1ticas artesan\u00edas de barro que se elaboran en dicho municipio.<\/p>\n\n\n\n<figure class=\"wp-block-image size-large\"><img decoding=\"async\" src=\"https:\/\/contextoanalisisperiodistico.com\/wp-content\/uploads\/2023\/03\/img-20230330-wa01323981311813109605125-1024x682.jpg\" alt=\"\" class=\"wp-image-11230\"\/><\/figure>\n\n\n\n<figure class=\"wp-block-image\"><img decoding=\"async\" src=\"https:\/\/contextoanalisisperiodistico.com\/wp-content\/uploads\/2023\/03\/img-20230330-wa01315165693951016549352-1024x682.jpg\" alt=\"\" class=\"wp-image-11231\"\/><\/figure>\n","protected":false},"excerpt":{"rendered":"<p>\u2022 El Gobernador de Oaxaca se\u00f1al\u00f3 que gracias a la pol\u00edtica de austeridad se ha&#8230;<\/p>\n","protected":false},"author":4,"featured_media":0,"comment_status":"open","ping_status":"open","sticky":false,"template":"","format":"standard","meta":{"footnotes":""},"categories":[9],"tags":[],"jetpack_sharing_enabled":true,"featured_image_urls":{"full":"","thumbnail":"","medium":"","medium_large":"","large":"","1536x1536":"","2048x2048":"","covernews-slider-full":"","covernews-slider-center":"","covernews-featured":"","covernews-medium":"","covernews-medium-square":""},"author_info":{"display_name":"Mario Gir\u00f3n","author_link":"https:\/\/contextoanalisisperiodistico.com\/index.php\/author\/director\/"},"category_info":"<a href=\"https:\/\/contextoanalisisperiodistico.com\/index.php\/category\/politica\/\" rel=\"category tag\">Pol\u00edtica<\/a>","tag_info":"Pol\u00edtica","comment_count":"0","jetpack_featured_media_url":"","_links":{"self":[{"href":"https:\/\/contextoanalisisperiodistico.com\/index.php\/wp-json\/wp\/v2\/posts\/11228"}],"collection":[{"href":"https:\/\/contextoanalisisperiodistico.com\/index.php\/wp-json\/wp\/v2\/posts"}],"about":[{"href":"https:\/\/contextoanalisisperiodistico.com\/index.php\/wp-json\/wp\/v2\/types\/post"}],"author":[{"embeddable":true,"href":"https:\/\/contextoanalisisperiodistico.com\/index.php\/wp-json\/wp\/v2\/users\/4"}],"replies":[{"embeddable":true,"href":"https:\/\/contextoanalisisperiodistico.com\/index.php\/wp-json\/wp\/v2\/comments?post=11228"}],"version-history":[{"count":1,"href":"https:\/\/contextoanalisisperiodistico.com\/index.php\/wp-json\/wp\/v2\/posts\/11228\/revisions"}],"predecessor-version":[{"id":11232,"href":"https:\/\/contextoanalisisperiodistico.com\/index.php\/wp-json\/wp\/v2\/posts\/11228\/revisions\/11232"}],"wp:attachment":[{"href":"https:\/\/contextoanalisisperiodistico.com\/index.php\/wp-json\/wp\/v2\/media?parent=11228"}],"wp:term":[{"taxonomy":"category","embeddable":true,"href":"https:\/\/contextoanalisisperiodistico.com\/index.php\/wp-json\/wp\/v2\/categories?post=11228"},{"taxonomy":"post_tag","embeddable":true,"href":"https:\/\/contextoanalisisperiodistico.com\/index.php\/wp-json\/wp\/v2\/tags?post=11228"}],"curies":[{"name":"wp","href":"https:\/\/api.w.org\/{rel}","templated":true}]}}