{"id":11223,"date":"2023-03-30T21:53:50","date_gmt":"2023-03-31T03:53:50","guid":{"rendered":"https:\/\/contextoanalisisperiodistico.com\/?p=11223"},"modified":"2023-03-30T21:53:59","modified_gmt":"2023-03-31T03:53:59","slug":"incendios-en-zonas-de-conflicto-de-la-mixteca-pudieron-haber-sido-provocados-se-investigara-sego","status":"publish","type":"post","link":"https:\/\/contextoanalisisperiodistico.com\/index.php\/2023\/03\/30\/incendios-en-zonas-de-conflicto-de-la-mixteca-pudieron-haber-sido-provocados-se-investigara-sego\/","title":{"rendered":"Incendios en zonas de conflicto de la Mixteca pudieron haber sido provocados, se investigar\u00e1: Sego"},"content":{"rendered":"<div id=\"fb-root\"><\/div>\n\n<p>\u2022 Hasta el 23 de marzo se han registrado 28 incendios que han afectado una superficie preliminar de 2 mil 178.1969 hect\u00e1reas<\/p>\n\n\n\n<p>\u2022 En el incendio que se registra entre San Juan Mixtepec y San Juan \u00d1um\u00ed participan ocho brigadas: cinco de Conafor y tres de Coesfo, con la participaci\u00f3n de 100 combatientes y dos veh\u00edculos. Sedena y la Guardia Nacional otorgan seguridad de la zona.<br \/>Oaxaca de Ju\u00e1rez, Oax. 30 de marzo de 2023. De los 28 incendios forestales que se registraron hasta el 23 de marzo, tres han tenido lugar en zonas de conflictos entre comunidades como la zona lim\u00edtrofe entre San Juan Mixtepec y San Juan \u00d1um\u00ed; en Santiago Juxtlahuaca, y de Asunci\u00f3n Nochixtl\u00e1n y Santiago Mitlatongo, los cuales se encuentran en \u00e1reas de controversia.<\/p>\n\n\n\n<p>En este sentido, el secretario de Gobierno Jes\u00fas Romero L\u00f3pez destac\u00f3 que ante la presunci\u00f3n de que estos incendios han sido provocados, se investigar\u00e1 a fondo a trav\u00e9s de las instancias respectivas, en donde las autoridades municipales expongan las denuncias correspondientes.<\/p>\n\n\n\n<p>As\u00ed lo dio a conocer durante la conferencia de prensa semanal junto a integrantes del Gabinete de Seguridad, en donde la directora de la Comisi\u00f3n Estatal Forestal de Oaxaca (Coesfo), Magdalena Mar\u00eda Coello Castillo inform\u00f3 las acciones realizadas para sofocar el siniestro registrado entre la zona lim\u00edtrofe entre San Juan Mixtepec y San Juan \u00d1um\u00ed en la regi\u00f3n de la Mixteca.<\/p>\n\n\n\n<p>Dijo que en esta zona se registran tres frentes del incendio; el primero se combate en los parajes Llano de Gavil\u00e1n y Corral de Pasto, colindantes de municipios involucrados, y en una zona inestable en materia de seguridad.<\/p>\n\n\n\n<p>Respecto al segundo y tercer incendio, no ha sido posible atenderlos hasta que existan las condiciones de seguridad de hacerlo junto con los elementos de seguridad correspondientes.<\/p>\n\n\n\n<p>Explic\u00f3 que hasta el momento este incendio es el m\u00e1s grande que se ha registrado; sin embargo, se lleva un avance de 70 por ciento de combate de la conflagraci\u00f3n y 40 por ciento en liquidaci\u00f3n, en donde participan ocho brigadas; cinco de Conafor y tres de Coesfo, con la participaci\u00f3n de 100 combatientes y dos veh\u00edculos.<\/p>\n\n\n\n<p>\u201cAl ser una zona en conflicto, los comuneros no est\u00e1n interviniendo para apoyar en el combate, por eso estamos realizando el trabajo de manera institucional\u201d, expres\u00f3 al tiempo de se\u00f1alar que en estas acciones elementos de la Sedena y la Guardia Nacional otorgan seguridad de la zona.<\/p>\n\n\n\n<p>Exhortan a la poblaci\u00f3n a evitar incendios forestales<\/p>\n\n\n\n<p>En este marco, se hizo un llamado a la poblaci\u00f3n oaxaque\u00f1a a sumarse a los esfuerzos que realizan diversas instancias federales, estatales y municipales para evitar incendios forestales, ya que m\u00e1s de 99 por ciento se debe a causas antropog\u00e9nicas, es decir por mano de la humanidad.<\/p>\n\n\n\n<p>Para evitar estas conflagraciones, es importante evitar tirar colillas de cigarros en zonas boscosas, no hacer fogatas, y que las actividades agropecuarias se realicen de manera ordenada, con planificaci\u00f3n y un adecuado uso del fuego.<\/p>\n\n\n\n<p>Cabe destacar que para atender este tipo de conflagraciones, el Gobierno que encabeza Salom\u00f3n Jara Cruz, a trav\u00e9s de la Coesfo ha habilitado 13 brigadas para atender a las ocho regiones de la entidad con el fin de salvaguardar los recursos naturales con que se cuenta y evitar p\u00e9rdidas humanas.<\/p>\n\n\n\n<p>La titular de esta dependencia, Magdalena Mar\u00eda Coello Castillo expres\u00f3 que los 28 incendios forestales registran una afectaci\u00f3n preliminar de 2 mil 178.1969 hect\u00e1reas, que comparadas con el a\u00f1o 2022 en esta misma fecha, se registraron 28 siniestros con una afectaci\u00f3n de 3 mil 532.9470 hect\u00e1reas.<\/p>\n\n\n\n<p>Dijo que 90 por ciento de esta superficie es vegetaci\u00f3n de hojarascas y se han registrado en 10 municipios con mayor superficie afectada como son San Juan Mixtepec, Santiago Ixtayutla, San Pedro Tapanatepec, Santiago Juxtlahuaca, Zapotitl\u00e1n Lagunas, San Miguel del Puerto, San Jer\u00f3nimo Sosola, Asunci\u00f3n Nochixtl\u00e1n, San Pedro el Alto y Heroica Ciudad de Tlaxiaco.<\/p>\n\n\n\n<p>Explic\u00f3 que la regi\u00f3n de la Mixteca es un foco recurrente con 13 casos, la Costa y Valles Centrales con cinco respectivamente, la Sierra de Flores Mag\u00f3n con tres, el Istmo con y la Sierra Sur con un incendio respectivamente.<\/p>\n\n\n\n<p>En las \u00e1reas naturales protegidas se ha tenido una conflagraci\u00f3n en la zona de Reserva Ecol\u00f3gica El Fort\u00edn, Cruz Blanca y Cerro del Crest\u00f3n y dos en Tehuac\u00e1n-Cuicatl\u00e1n, los cuales han sido controlados.<\/p>\n\n\n\n<p>En el combate de estos incendios -dijo- han participado mil 444 comuneros voluntarios, 427 de los gobiernos municipales, 289 de Conafor, 273 de Coesfo, 80 de Protecci\u00f3n Civil Estatal, 25 de Sedena, 74 de la Guardia Nacional, 14 de la Conanp, 20 de Servicios Ambientales y 40 de Semar, en total dos mil 686 combatientes.<\/p>\n\n\n\n<p>A nivel nacional, Oaxaca no se encuentra en los primeros lugares en cuanto al n\u00famero de incendios; sin embargo, ocupa el sexto lugar en superficie afectada con 2 mil 178 hect\u00e1reas.<br \/>-0-<\/p>\n\n\n\n<figure class=\"wp-block-image size-large\"><img decoding=\"async\" src=\"https:\/\/contextoanalisisperiodistico.com\/wp-content\/uploads\/2023\/03\/img-20230330-wa00914380311203066391967-1024x669.jpg\" alt=\"\" class=\"wp-image-11226\"\/><\/figure>\n\n\n\n<figure class=\"wp-block-image\"><img decoding=\"async\" src=\"https:\/\/contextoanalisisperiodistico.com\/wp-content\/uploads\/2023\/03\/img-20230330-wa0092379171394495760771-1024x683.jpg\" alt=\"\" class=\"wp-image-11225\"\/><\/figure>\n","protected":false},"excerpt":{"rendered":"<p>\u2022 Hasta el 23 de marzo se han registrado 28 incendios que han afectado una&#8230;<\/p>\n","protected":false},"author":4,"featured_media":0,"comment_status":"open","ping_status":"open","sticky":false,"template":"","format":"standard","meta":{"footnotes":""},"categories":[9],"tags":[],"jetpack_sharing_enabled":true,"featured_image_urls":{"full":"","thumbnail":"","medium":"","medium_large":"","large":"","1536x1536":"","2048x2048":"","covernews-slider-full":"","covernews-slider-center":"","covernews-featured":"","covernews-medium":"","covernews-medium-square":""},"author_info":{"display_name":"Mario Gir\u00f3n","author_link":"https:\/\/contextoanalisisperiodistico.com\/index.php\/author\/director\/"},"category_info":"<a href=\"https:\/\/contextoanalisisperiodistico.com\/index.php\/category\/politica\/\" rel=\"category tag\">Pol\u00edtica<\/a>","tag_info":"Pol\u00edtica","comment_count":"0","jetpack_featured_media_url":"","_links":{"self":[{"href":"https:\/\/contextoanalisisperiodistico.com\/index.php\/wp-json\/wp\/v2\/posts\/11223"}],"collection":[{"href":"https:\/\/contextoanalisisperiodistico.com\/index.php\/wp-json\/wp\/v2\/posts"}],"about":[{"href":"https:\/\/contextoanalisisperiodistico.com\/index.php\/wp-json\/wp\/v2\/types\/post"}],"author":[{"embeddable":true,"href":"https:\/\/contextoanalisisperiodistico.com\/index.php\/wp-json\/wp\/v2\/users\/4"}],"replies":[{"embeddable":true,"href":"https:\/\/contextoanalisisperiodistico.com\/index.php\/wp-json\/wp\/v2\/comments?post=11223"}],"version-history":[{"count":1,"href":"https:\/\/contextoanalisisperiodistico.com\/index.php\/wp-json\/wp\/v2\/posts\/11223\/revisions"}],"predecessor-version":[{"id":11227,"href":"https:\/\/contextoanalisisperiodistico.com\/index.php\/wp-json\/wp\/v2\/posts\/11223\/revisions\/11227"}],"wp:attachment":[{"href":"https:\/\/contextoanalisisperiodistico.com\/index.php\/wp-json\/wp\/v2\/media?parent=11223"}],"wp:term":[{"taxonomy":"category","embeddable":true,"href":"https:\/\/contextoanalisisperiodistico.com\/index.php\/wp-json\/wp\/v2\/categories?post=11223"},{"taxonomy":"post_tag","embeddable":true,"href":"https:\/\/contextoanalisisperiodistico.com\/index.php\/wp-json\/wp\/v2\/tags?post=11223"}],"curies":[{"name":"wp","href":"https:\/\/api.w.org\/{rel}","templated":true}]}}