{"id":11214,"date":"2023-03-30T21:13:20","date_gmt":"2023-03-31T03:13:20","guid":{"rendered":"https:\/\/contextoanalisisperiodistico.com\/?p=11214"},"modified":"2023-03-30T21:13:56","modified_gmt":"2023-03-31T03:13:56","slug":"seguira-ieepo-acatando-medida-cautelar-de-la-ddhpo-emilio-montero-perez","status":"publish","type":"post","link":"https:\/\/contextoanalisisperiodistico.com\/index.php\/2023\/03\/30\/seguira-ieepo-acatando-medida-cautelar-de-la-ddhpo-emilio-montero-perez\/","title":{"rendered":"Seguir\u00e1 IEEPO acatando medida cautelar de la DDHPO: Emilio Montero P\u00e9rez"},"content":{"rendered":"<div id=\"fb-root\"><\/div>\n\n<p>\u2022 El Director General afirm\u00f3 que en el \u00e1mbito de su responsabilidad se da seguimiento a los mecanismos y protocolos para que se respete la resoluci\u00f3n a favor de la estudiante P.E.R.H.<br \/>Oaxaca de Ju\u00e1rez, Oax., 30 de marzo de 2023.- Sensible a la situaci\u00f3n que se presenta en la comunidad de San Jos\u00e9 Manialtepec, Villa de Tututepec, el director general del Instituto Estatal de Educaci\u00f3n P\u00fablica de Oaxaca (IEEPO), Emilio Montero P\u00e9rez, afirm\u00f3 que este organismo seguir\u00e1 acatando la medida cautelar dictada por la Defensor\u00eda de los Derechos Humanos del Pueblo de Oaxaca (DDHPO), a favor de la estudiante P.E.R.H. y proteger sus derechos e integridad personal, conforme a su inter\u00e9s superior y los est\u00e1ndares internacionales aplicables en la materia.<\/p>\n\n\n\n<p>Explic\u00f3 que en una segunda Medida Cautelar se solicit\u00f3 al Instituto generar las condiciones para que se garantice el proceso de ense\u00f1anza-aprendizaje a la menor de edad y se cumpla con el compromiso signado por el Instituto, es decir, que reciba clases de manera personalizada en su domicilio, reconoci\u00e9ndosele como alumna de la escuela Telesecundaria en la que se encuentra actualmente inscrita.<\/p>\n\n\n\n<p>Ante ello, indic\u00f3 que en el \u00e1mbito de su responsabilidad y funci\u00f3n se da seguimiento a los mecanismos y protocolos para que se respete la resoluci\u00f3n de la DDHPO, en un marco de di\u00e1logo y acuerdos conciliados tanto con la comunidad de San Jos\u00e9 Manialtepec como con los familiares de la estudiante, quien ha manifestado su deseo de no cambiar de instituci\u00f3n educativa.<\/p>\n\n\n\n<p>Hizo un llamado a las autoridades escolares, municipales y habitantes a mantener la comunicaci\u00f3n directa con el IEEPO y cumplir con los lineamientos establecidos en la Constituci\u00f3n Pol\u00edtica de los Estados Unidos Mexicanos, la Convenci\u00f3n sobre los Derechos del Ni\u00f1o y tratados internacionales para salvaguardar el bienestar de las y los ni\u00f1os, ni\u00f1as y adolescentes.<\/p>\n\n\n\n<p>Se\u00f1al\u00f3 que en la primera Medida Cautelar emitida por la DDHPO respecto a instruir a la directora de la Telesecundaria \u201cJos\u00e9 Vasconcelos\u201d la inscripci\u00f3n inmediata y el ingreso al plantel educativo sin condicionamiento alguno a la estudiante, con el objeto de no vulnerar su derecho a la educaci\u00f3n, se realizaron las mesas de atenci\u00f3n con las partes involucradas, en la b\u00fasqueda de una soluci\u00f3n conciliada, con apego al marco normativo y respeto al derecho a la educaci\u00f3n, siendo prioridad salvaguardar la integridad de la estudiante.<\/p>\n\n\n\n<p>Resalt\u00f3 que como lo ha puntualizado el Gobernador Salom\u00f3n Jara Cruz, en Oaxaca se trabaja de manera integral y plena por los derechos de este sector de la poblaci\u00f3n, de la mano de gobiernos municipales, \u00f3rganos aut\u00f3nomos y los dem\u00e1s Poderes del Estado.<br \/>-0-<\/p>\n","protected":false},"excerpt":{"rendered":"<p>\u2022 El Director General afirm\u00f3 que en el \u00e1mbito de su responsabilidad se da seguimiento&#8230;<\/p>\n","protected":false},"author":4,"featured_media":0,"comment_status":"open","ping_status":"open","sticky":false,"template":"","format":"standard","meta":{"footnotes":""},"categories":[9],"tags":[],"jetpack_sharing_enabled":true,"featured_image_urls":{"full":"","thumbnail":"","medium":"","medium_large":"","large":"","1536x1536":"","2048x2048":"","covernews-slider-full":"","covernews-slider-center":"","covernews-featured":"","covernews-medium":"","covernews-medium-square":""},"author_info":{"display_name":"Mario Gir\u00f3n","author_link":"https:\/\/contextoanalisisperiodistico.com\/index.php\/author\/director\/"},"category_info":"<a href=\"https:\/\/contextoanalisisperiodistico.com\/index.php\/category\/politica\/\" rel=\"category tag\">Pol\u00edtica<\/a>","tag_info":"Pol\u00edtica","comment_count":"0","jetpack_featured_media_url":"","_links":{"self":[{"href":"https:\/\/contextoanalisisperiodistico.com\/index.php\/wp-json\/wp\/v2\/posts\/11214"}],"collection":[{"href":"https:\/\/contextoanalisisperiodistico.com\/index.php\/wp-json\/wp\/v2\/posts"}],"about":[{"href":"https:\/\/contextoanalisisperiodistico.com\/index.php\/wp-json\/wp\/v2\/types\/post"}],"author":[{"embeddable":true,"href":"https:\/\/contextoanalisisperiodistico.com\/index.php\/wp-json\/wp\/v2\/users\/4"}],"replies":[{"embeddable":true,"href":"https:\/\/contextoanalisisperiodistico.com\/index.php\/wp-json\/wp\/v2\/comments?post=11214"}],"version-history":[{"count":1,"href":"https:\/\/contextoanalisisperiodistico.com\/index.php\/wp-json\/wp\/v2\/posts\/11214\/revisions"}],"predecessor-version":[{"id":11216,"href":"https:\/\/contextoanalisisperiodistico.com\/index.php\/wp-json\/wp\/v2\/posts\/11214\/revisions\/11216"}],"wp:attachment":[{"href":"https:\/\/contextoanalisisperiodistico.com\/index.php\/wp-json\/wp\/v2\/media?parent=11214"}],"wp:term":[{"taxonomy":"category","embeddable":true,"href":"https:\/\/contextoanalisisperiodistico.com\/index.php\/wp-json\/wp\/v2\/categories?post=11214"},{"taxonomy":"post_tag","embeddable":true,"href":"https:\/\/contextoanalisisperiodistico.com\/index.php\/wp-json\/wp\/v2\/tags?post=11214"}],"curies":[{"name":"wp","href":"https:\/\/api.w.org\/{rel}","templated":true}]}}