{"id":11209,"date":"2023-03-30T18:20:23","date_gmt":"2023-03-31T00:20:23","guid":{"rendered":"https:\/\/contextoanalisisperiodistico.com\/?p=11209"},"modified":"2023-03-30T18:20:30","modified_gmt":"2023-03-31T00:20:30","slug":"con-respeto-y-cordialidad-avanza-mesa-de-negociacion-entre-gobierno-del-estado-y-stpeidceo","status":"publish","type":"post","link":"https:\/\/contextoanalisisperiodistico.com\/index.php\/2023\/03\/30\/con-respeto-y-cordialidad-avanza-mesa-de-negociacion-entre-gobierno-del-estado-y-stpeidceo\/","title":{"rendered":"Con respeto y cordialidad, avanza mesa de negociaci\u00f3n entre Gobierno del Estado y STPEIDCEO"},"content":{"rendered":"<div id=\"fb-root\"><\/div>\n\n<p>\u2022 El Secretario de Administraci\u00f3n, Antonino Morales Toledo reiter\u00f3 su respeto a los derechos de la base trabajadora, con quienes sostiene un di\u00e1logo abierto<\/p>\n\n\n\n<p>Oaxaca de Ju\u00e1rez, Oax. 30 de marzo de 2023.- El secretario de Administraci\u00f3n Antonino Morales Toledo sostuvo que garantizar\u00e1n los derechos de la base trabajadora al servicio de los Poderes del Estado, mientras se cuidan las finanzas estatales.<\/p>\n\n\n\n<p>Lo anterior, luego de la instalaci\u00f3n de la mesa formal de negociaci\u00f3n del Pliego Petitorio 2023, entre el Gobierno del Estado y el Sindicato de Trabajadores de los Poderes del Estado e Instituciones Descentralizadas de Car\u00e1cter Estatal, (STPEIDCEO).<\/p>\n\n\n\n<p>Este primer encuentro se llev\u00f3 a cabo en un clima de respeto mutuo y cordialidad, en donde las y los integrantes del Comit\u00e9 Ejecutivo y la comisi\u00f3n negociadora escucharon por parte de la autoridad las propuestas al Pliego Petitorio 2023, conforme a las circunstancias econ\u00f3micas que vive la entidad.<\/p>\n\n\n\n<p>El responsable de la pol\u00edtica administrativa estatal expuso que, en este proceso se valorar\u00e1 el escenario social y los proyectos que se impulsan para beneficiar a los pueblos y las comunidades de Oaxaca.<\/p>\n\n\n\n<p>\u00abEl sindicato de bur\u00f3cratas forma parte de la Primavera Oaxaque\u00f1a, sabemos que contamos con compa\u00f1eras y compa\u00f1eros dispuestos a dialogar y convenir bajo consenso\u00bb, reiter\u00f3.<\/p>\n\n\n\n<p>Morales Toledo indic\u00f3 que el \u00fanico objetivo, tanto de quienes representan al Gobierno del Estado como de la comisi\u00f3n negociadora del Sindicato, es alcanzar acuerdos que beneficien a la base trabajadora.<\/p>\n\n\n\n<p>En ese sentido, afirm\u00f3 su llamado al di\u00e1logo abierto, justo, honesto y transparente, siempre en total respeto a la autonom\u00eda sindical y los derechos laborales establecidos en la ley.<\/p>\n\n\n\n<p>Finalmente, reconoci\u00f3 la voluntad por parte del dirigente del gremio, Pedro Castillejos Villalobos, as\u00ed como de las personas que integran la comisi\u00f3n negociadora.<\/p>\n\n\n\n<p>-0 &#8211;<\/p>\n\n\n\n<figure class=\"wp-block-image size-large\"><img decoding=\"async\" src=\"https:\/\/contextoanalisisperiodistico.com\/wp-content\/uploads\/2023\/03\/img-20230330-wa01061357139571539843232-1024x682.jpg\" alt=\"\" class=\"wp-image-11212\"\/><\/figure>\n\n\n\n<figure class=\"wp-block-image\"><img decoding=\"async\" src=\"https:\/\/contextoanalisisperiodistico.com\/wp-content\/uploads\/2023\/03\/img-20230330-wa01055634184067800632120-1024x682.jpg\" alt=\"\" class=\"wp-image-11211\"\/><\/figure>\n","protected":false},"excerpt":{"rendered":"<p>\u2022 El Secretario de Administraci\u00f3n, Antonino Morales Toledo reiter\u00f3 su respeto a los derechos de&#8230;<\/p>\n","protected":false},"author":4,"featured_media":0,"comment_status":"open","ping_status":"open","sticky":false,"template":"","format":"standard","meta":{"footnotes":""},"categories":[9],"tags":[],"jetpack_sharing_enabled":true,"featured_image_urls":{"full":"","thumbnail":"","medium":"","medium_large":"","large":"","1536x1536":"","2048x2048":"","covernews-slider-full":"","covernews-slider-center":"","covernews-featured":"","covernews-medium":"","covernews-medium-square":""},"author_info":{"display_name":"Mario Gir\u00f3n","author_link":"https:\/\/contextoanalisisperiodistico.com\/index.php\/author\/director\/"},"category_info":"<a href=\"https:\/\/contextoanalisisperiodistico.com\/index.php\/category\/politica\/\" rel=\"category tag\">Pol\u00edtica<\/a>","tag_info":"Pol\u00edtica","comment_count":"0","jetpack_featured_media_url":"","_links":{"self":[{"href":"https:\/\/contextoanalisisperiodistico.com\/index.php\/wp-json\/wp\/v2\/posts\/11209"}],"collection":[{"href":"https:\/\/contextoanalisisperiodistico.com\/index.php\/wp-json\/wp\/v2\/posts"}],"about":[{"href":"https:\/\/contextoanalisisperiodistico.com\/index.php\/wp-json\/wp\/v2\/types\/post"}],"author":[{"embeddable":true,"href":"https:\/\/contextoanalisisperiodistico.com\/index.php\/wp-json\/wp\/v2\/users\/4"}],"replies":[{"embeddable":true,"href":"https:\/\/contextoanalisisperiodistico.com\/index.php\/wp-json\/wp\/v2\/comments?post=11209"}],"version-history":[{"count":1,"href":"https:\/\/contextoanalisisperiodistico.com\/index.php\/wp-json\/wp\/v2\/posts\/11209\/revisions"}],"predecessor-version":[{"id":11213,"href":"https:\/\/contextoanalisisperiodistico.com\/index.php\/wp-json\/wp\/v2\/posts\/11209\/revisions\/11213"}],"wp:attachment":[{"href":"https:\/\/contextoanalisisperiodistico.com\/index.php\/wp-json\/wp\/v2\/media?parent=11209"}],"wp:term":[{"taxonomy":"category","embeddable":true,"href":"https:\/\/contextoanalisisperiodistico.com\/index.php\/wp-json\/wp\/v2\/categories?post=11209"},{"taxonomy":"post_tag","embeddable":true,"href":"https:\/\/contextoanalisisperiodistico.com\/index.php\/wp-json\/wp\/v2\/tags?post=11209"}],"curies":[{"name":"wp","href":"https:\/\/api.w.org\/{rel}","templated":true}]}}