{"id":11182,"date":"2023-03-30T09:57:17","date_gmt":"2023-03-30T15:57:17","guid":{"rendered":"https:\/\/contextoanalisisperiodistico.com\/?p=11182"},"modified":"2023-03-30T09:57:55","modified_gmt":"2023-03-30T15:57:55","slug":"investigan-presunta-indisciplina-de-4-elementos-de-operaciones-especiales-gufe","status":"publish","type":"post","link":"https:\/\/contextoanalisisperiodistico.com\/index.php\/2023\/03\/30\/investigan-presunta-indisciplina-de-4-elementos-de-operaciones-especiales-gufe\/","title":{"rendered":"Investigan presunta indisciplina de 4 elementos de operaciones especiales GUFE"},"content":{"rendered":"<div id=\"fb-root\"><\/div>\n\n<p>En relaci\u00f3n al caso de indisciplina de algunos elementos de la Secretar\u00eda de Seguridad Ciudadana, Movilidad y Protecci\u00f3n Civil, comisionados en el m\u00f3dulo de la antigua estaci\u00f3n de ferrocarril, se informa que:<\/p>\n\n\n\n<p>Los 4 elementos involucrados pertenecen al grupo de operaciones especiales GUFE.<\/p>\n\n\n\n<p>El caso ha sido turnado a la Unidad de Asuntos Internos para que abra la carpeta de investigaci\u00f3n correspondiente y la turne a la Comisi\u00f3n de Honor y Justicia para que dictamine lo procedente.<\/p>\n\n\n\n<p>En tanto, se procede a retirarlos del servicio rutinario hasta la conclusi\u00f3n del proceso administrativo.<\/p>\n\n\n\n<p>Debe se\u00f1alarse que en todo el proceso los elementos involucrados ejercen su derecho a la leg\u00edtima defensa.<\/p>\n","protected":false},"excerpt":{"rendered":"<p>En relaci\u00f3n al caso de indisciplina de algunos elementos de la Secretar\u00eda de Seguridad Ciudadana,&#8230;<\/p>\n","protected":false},"author":4,"featured_media":0,"comment_status":"open","ping_status":"open","sticky":false,"template":"","format":"standard","meta":{"footnotes":""},"categories":[9],"tags":[],"jetpack_sharing_enabled":true,"featured_image_urls":{"full":"","thumbnail":"","medium":"","medium_large":"","large":"","1536x1536":"","2048x2048":"","covernews-slider-full":"","covernews-slider-center":"","covernews-featured":"","covernews-medium":"","covernews-medium-square":""},"author_info":{"display_name":"Mario Gir\u00f3n","author_link":"https:\/\/contextoanalisisperiodistico.com\/index.php\/author\/director\/"},"category_info":"<a href=\"https:\/\/contextoanalisisperiodistico.com\/index.php\/category\/politica\/\" rel=\"category tag\">Pol\u00edtica<\/a>","tag_info":"Pol\u00edtica","comment_count":"0","jetpack_featured_media_url":"","_links":{"self":[{"href":"https:\/\/contextoanalisisperiodistico.com\/index.php\/wp-json\/wp\/v2\/posts\/11182"}],"collection":[{"href":"https:\/\/contextoanalisisperiodistico.com\/index.php\/wp-json\/wp\/v2\/posts"}],"about":[{"href":"https:\/\/contextoanalisisperiodistico.com\/index.php\/wp-json\/wp\/v2\/types\/post"}],"author":[{"embeddable":true,"href":"https:\/\/contextoanalisisperiodistico.com\/index.php\/wp-json\/wp\/v2\/users\/4"}],"replies":[{"embeddable":true,"href":"https:\/\/contextoanalisisperiodistico.com\/index.php\/wp-json\/wp\/v2\/comments?post=11182"}],"version-history":[{"count":1,"href":"https:\/\/contextoanalisisperiodistico.com\/index.php\/wp-json\/wp\/v2\/posts\/11182\/revisions"}],"predecessor-version":[{"id":11184,"href":"https:\/\/contextoanalisisperiodistico.com\/index.php\/wp-json\/wp\/v2\/posts\/11182\/revisions\/11184"}],"wp:attachment":[{"href":"https:\/\/contextoanalisisperiodistico.com\/index.php\/wp-json\/wp\/v2\/media?parent=11182"}],"wp:term":[{"taxonomy":"category","embeddable":true,"href":"https:\/\/contextoanalisisperiodistico.com\/index.php\/wp-json\/wp\/v2\/categories?post=11182"},{"taxonomy":"post_tag","embeddable":true,"href":"https:\/\/contextoanalisisperiodistico.com\/index.php\/wp-json\/wp\/v2\/tags?post=11182"}],"curies":[{"name":"wp","href":"https:\/\/api.w.org\/{rel}","templated":true}]}}