{"id":1118,"date":"2022-02-28T21:23:17","date_gmt":"2022-03-01T03:23:17","guid":{"rendered":"http:\/\/contextoanalisisperiodistico.com.mx\/2022\/02\/28\/presenta-ogaipo-su-informe-anual-de-actividades-2021-ante-el-congreso-del-estado\/"},"modified":"2022-02-28T21:23:17","modified_gmt":"2022-03-01T03:23:17","slug":"presenta-ogaipo-su-informe-anual-de-actividades-2021-ante-el-congreso-del-estado","status":"publish","type":"post","link":"https:\/\/contextoanalisisperiodistico.com\/index.php\/2022\/02\/28\/presenta-ogaipo-su-informe-anual-de-actividades-2021-ante-el-congreso-del-estado\/","title":{"rendered":"Presenta OGAIPO su Informe Anual de Actividades 2021 ante el Congreso del Estado"},"content":{"rendered":"<div id=\"fb-root\"><\/div>\n\n<p>El Consejo General lo integran Jos\u00e9 Luis Echeverr\u00eda Morales (Comisionado Presidente), las Comisionadas Mar\u00eda Tanivet Ramos Reyes, X\u00f3chitl Elizabeth M\u00e9ndez S\u00e1nchez, Claudia Ivette Soto Pineda y el Comisionado Josu\u00e9 Solana Salmor\u00e1n.<\/p>\n\n\n\n<p>Oaxaca de Ju\u00e1rez, Oaxaca.- Este 28 de febrero de 2022, acompa\u00f1ado de las comisionadas y comisionado integrantes del Consejo General, el Maestro Jos\u00e9 Luis Echeverr\u00eda Morales en su car\u00e1cter de Comisionado Presidente y representante del \u00d3rgano Garante de Acceso a la Informaci\u00f3n, Transparencia, Protecci\u00f3n de Datos Personales y Buen Gobierno del Estado de Oaxaca (OGAIPO) present\u00f3 el Informe Anual de Actividades 2021 del \u00d3rgano Garante ante el Congreso del estado.<\/p>\n\n\n\n<p>El Informe recoge las actividades realizadas por el extinto Instituto de Acceso a la Informaci\u00f3n P\u00fablica y Protecci\u00f3n de Datos Personales del Estado de Oaxaca (IAIP) en el periodo comprendido del 01 de enero al 26 de octubre de 2021, as\u00ed como los logros alcanzados a partir del 27 de octubre al 31 de diciembre del a\u00f1o de referencia, por el OGAIPO.<\/p>\n\n\n\n<p>En su intervenci\u00f3n, el Comisionado Presidente del OGAIPO, Jos\u00e9 Luis Echeverr\u00eda Morales reconoci\u00f3 el trabajo realizado por quienes integraron el extinto Instituto de Acceso a la Informaci\u00f3n P\u00fablica y Protecci\u00f3n de Datos Personales y, reitero el compromiso del OGAIPO de garantizar los derechos humanos de acceso a la informaci\u00f3n y protecci\u00f3n de datos personales, as\u00ed como promover una adecuada gesti\u00f3n documental, fomentar la consolidaci\u00f3n de una cultura de la transparencia entre los Sujetos Obligados y la sociedad civil y promover el desarrollo de pr\u00e1cticas de gobierno y congreso abierto, que potencien la inclusi\u00f3n, el empoderamiento y participaci\u00f3n de los diferentes grupos poblacionales en la construcci\u00f3n de una sociedad con mayor igualdad y justicia.<\/p>\n\n\n\n<p>Destac\u00f3 la creaci\u00f3n de \u00f3rganos aut\u00f3nomos cada vez mejor definidos y preparados para desarrollar e implementar, a partir de las exigencias ciudadanas, pol\u00edticas p\u00fablicas eficaces que garanticen la transparencia, acceso a la informaci\u00f3n y protecci\u00f3n de datos personales.<\/p>\n\n\n\n<p>\u201cQuienes integramos el \u00d3rgano de Transparencia en el Estado de Oaxaca, asumimos el compromiso de salvaguardar el ejercicio de los derechos de acceso a la informaci\u00f3n p\u00fablica, a la protecci\u00f3n de datos personales y garantizar la observancia de las normas y principios de buen gobierno, tal como lo establece la Constituci\u00f3n Pol\u00edtica del Estado Libre y Soberano de Oaxaca\u201d, puntualiz\u00f3 Echeverr\u00eda Morales.<\/p>\n\n\n\n<p>Ejemplific\u00f3 como muestra de su ah\u00ednco garantista, el trabajo que ha realizado el Consejo General del OGAIPO, resolviendo, en el breve periodo del 27 de octubre al 17 de diciembre de 2021, 38 recursos de revisi\u00f3n pendientes en etapa de sustanciaci\u00f3n y resoluci\u00f3n de un total de 188 expedientes que recibieron de la gesti\u00f3n del IAIP en rezago, es decir, sin atender.<\/p>\n\n\n\n<p>\u201cPor citar un ejemplo, nos heredaron recursos que pudieron ser resueltos desde inicios de mayo de 2021 y no ten\u00edan siquiera el proyecto de resoluci\u00f3n a nuestra llegada\u2026 Adem\u00e1s, establecimos por primera vez en Oaxaca, sanciones por denuncias y por incumplimientos a las obligaciones de transparencia derivadas del procedimiento de verificaci\u00f3n\u201d, expres\u00f3 el titular del OGAIPO.<\/p>\n\n\n\n<p>Precis\u00f3, que la entrega del informe es un ejercicio de rendici\u00f3n de cuentas, a trav\u00e9s de un documento p\u00fablico consultable en su portal institucional disponibles en formatos abiertos, accesibles y reutilizables, al alcance de toda persona interesada en conocer los avances, los resultados, pero tambi\u00e9n los retos y las circunstancias que han tenido que atender el \u00d3rgano para cumplir con su funci\u00f3n.<\/p>\n\n\n\n<p>La diputada Mariana Ben\u00edtez Tiburcio, presidenta de la Mesa Directiva del Congreso del Estado, dijo que este di\u00e1logo es importante, pero lo es m\u00e1s a\u00fan que el Congreso tenga una relaci\u00f3n cercana y abierta con el \u00d3rgano Garante de Transparencia. Premisa de un sistema democr\u00e1tico, que sus ciudadanos participen de sus gobiernos a trav\u00e9s de la exigencia de rendici\u00f3n de cuentas.<\/p>\n\n\n\n<p>El diputado Leonardo D\u00edaz Jim\u00e9nez, presidente de la Comisi\u00f3n Permanente de Transparencia, Acceso a la Informaci\u00f3n y Congreso Abierto, expres\u00f3 la importancia de trabajar en beneficio de los ciudadanos para garantizar los derechos que tutela el OGAIPO y promover la rendici\u00f3n de cuentas.<\/p>\n\n\n\n<p>La Diputada y presidenta de la Comisi\u00f3n Permanente de Vigilancia del Sistema Estatal de Combate a la Corrupci\u00f3n, Miriam de los \u00c1ngeles V\u00e1squez Ruiz, expres\u00f3 que la transparencia es decisiva para combatir la corrupci\u00f3n; actualmente las y los ciudadanos est\u00e1n listos para participar de manera activa en la rendici\u00f3n de cuentas.<\/p>\n\n\n\n<p>Finalmente, el legislador Sergio L\u00f3pez S\u00e1nchez, presidente de la Comisi\u00f3n Permanente de Presupuesto y Programaci\u00f3n, puntualiz\u00f3 que los datos p\u00fablicos hablan de transparencia, y la demanda de la ciudadan\u00eda de contar con herramientas para prevenir la corrupci\u00f3n en la gesti\u00f3n p\u00fablica y promover la apertura gubernamental.<\/p>\n","protected":false},"excerpt":{"rendered":"<p>El Consejo General lo integran Jos\u00e9 Luis Echeverr\u00eda Morales (Comisionado Presidente), las Comisionadas Mar\u00eda Tanivet&#8230;<\/p>\n","protected":false},"author":2,"featured_media":1117,"comment_status":"open","ping_status":"open","sticky":false,"template":"","format":"standard","meta":{"footnotes":""},"categories":[6,9],"tags":[],"jetpack_sharing_enabled":true,"featured_image_urls":{"full":"","thumbnail":"","medium":"","medium_large":"","large":"","1536x1536":"","2048x2048":"","covernews-slider-full":"","covernews-slider-center":"","covernews-featured":"","covernews-medium":"","covernews-medium-square":""},"author_info":{"display_name":"Miguel","author_link":"https:\/\/contextoanalisisperiodistico.com\/index.php\/author\/editor\/"},"category_info":"<a href=\"https:\/\/contextoanalisisperiodistico.com\/index.php\/category\/legislatura\/\" rel=\"category tag\">Legislatura<\/a> <a href=\"https:\/\/contextoanalisisperiodistico.com\/index.php\/category\/politica\/\" rel=\"category tag\">Pol\u00edtica<\/a>","tag_info":"Pol\u00edtica","comment_count":"0","jetpack_featured_media_url":"","_links":{"self":[{"href":"https:\/\/contextoanalisisperiodistico.com\/index.php\/wp-json\/wp\/v2\/posts\/1118"}],"collection":[{"href":"https:\/\/contextoanalisisperiodistico.com\/index.php\/wp-json\/wp\/v2\/posts"}],"about":[{"href":"https:\/\/contextoanalisisperiodistico.com\/index.php\/wp-json\/wp\/v2\/types\/post"}],"author":[{"embeddable":true,"href":"https:\/\/contextoanalisisperiodistico.com\/index.php\/wp-json\/wp\/v2\/users\/2"}],"replies":[{"embeddable":true,"href":"https:\/\/contextoanalisisperiodistico.com\/index.php\/wp-json\/wp\/v2\/comments?post=1118"}],"version-history":[{"count":0,"href":"https:\/\/contextoanalisisperiodistico.com\/index.php\/wp-json\/wp\/v2\/posts\/1118\/revisions"}],"wp:featuredmedia":[{"embeddable":true,"href":"https:\/\/contextoanalisisperiodistico.com\/index.php\/wp-json\/"}],"wp:attachment":[{"href":"https:\/\/contextoanalisisperiodistico.com\/index.php\/wp-json\/wp\/v2\/media?parent=1118"}],"wp:term":[{"taxonomy":"category","embeddable":true,"href":"https:\/\/contextoanalisisperiodistico.com\/index.php\/wp-json\/wp\/v2\/categories?post=1118"},{"taxonomy":"post_tag","embeddable":true,"href":"https:\/\/contextoanalisisperiodistico.com\/index.php\/wp-json\/wp\/v2\/tags?post=1118"}],"curies":[{"name":"wp","href":"https:\/\/api.w.org\/{rel}","templated":true}]}}