{"id":11163,"date":"2023-03-29T19:38:06","date_gmt":"2023-03-30T01:38:06","guid":{"rendered":"https:\/\/contextoanalisisperiodistico.com\/?p=11163"},"modified":"2023-03-29T19:38:18","modified_gmt":"2023-03-30T01:38:18","slug":"reconoce-ifpa-a-maestras-y-maestros-artesanos-por-ventas-positivas-en-tienda-aripo","status":"publish","type":"post","link":"https:\/\/contextoanalisisperiodistico.com\/index.php\/2023\/03\/29\/reconoce-ifpa-a-maestras-y-maestros-artesanos-por-ventas-positivas-en-tienda-aripo\/","title":{"rendered":"Reconoce IFPA a maestras y maestros artesanos por ventas positivas en Tienda ARIPO"},"content":{"rendered":"<div id=\"fb-root\"><\/div>\n\n<p>\u2022 El Gobierno de Oaxaca les reconoci\u00f3 la confianza depositada para la comercializaci\u00f3n de sus creaciones; hizo entrega de cheques simb\u00f3licos<\/p>\n\n\n\n<p>\u2022 M\u00e1s de 150 personas artesanas de 36 municipios del estado de Oaxaca han sido beneficiados al ofertar sus piezas en este punto de venta<br \/>Oaxaca de Ju\u00e1rez, Oax. 29 de marzo de 2023- El Gobierno del Estado de Oaxaca a trav\u00e9s del Instituto para el Fomento y la Protecci\u00f3n de las Artesan\u00edas (IFPA) hizo entrega de cheques simb\u00f3licos a maestras y maestros artesanos que comercializan sus piezas bajo la modalidad de consignaci\u00f3n en la Tienda ARIPO.<\/p>\n\n\n\n<p>Esta entrega representa una muestra de que toda la infraestructura con la que cuenta el Gobierno del Estado trabaja a favor de las artesanas y artesanos, ya que en lo que va de la administraci\u00f3n que encabeza el Gobernador Salom\u00f3n Jara Cruz, m\u00e1s de 150 personas artesanas de 36 municipios del estado de Oaxaca han sido beneficiados al ofertar sus piezas en la Tienda ARIPO.<\/p>\n\n\n\n<p>Con el acompa\u00f1amiento del secretario de Desarrollo Econ\u00f3mico de Oaxaca, Ra\u00fal Ruiz Robles; el director general del IFPA, Emilio de Leo Blanco, resalt\u00f3 las acciones que se han realizado en atenci\u00f3n a la instrucci\u00f3n del Mandatario estatal de dignificar a poblaci\u00f3n artesanal.<\/p>\n\n\n\n<p>\u201cAnteriormente, ten\u00edamos cuantificadas 25 personas que recib\u00edan directamente los beneficios de la tienda, ahora transitamos a 150 personas que est\u00e1n comercializando sus piezas artesanales, una gran labor de inversi\u00f3n del Gobierno del Estado para mover la econom\u00eda de las personas artesanas\u201d, detall\u00f3 el director general.<\/p>\n\n\n\n<p>De Leo Blanco agreg\u00f3 que la labor del IFPA es contribuir en brindarles a las y los artesanos las herramientas para que sean independientes, y enumer\u00f3 los apoyos que brinda la instituci\u00f3n como el dise\u00f1o y registro de marca, capacitaciones, entre otros m\u00e1s, y refrend\u00f3 su apoyo para que logren sus objetivos.<\/p>\n\n\n\n<p>En su oportunidad, el secretario de Desarrollo Econ\u00f3mico, Ra\u00fal Ruiz Robles, agradeci\u00f3 a las personas artesanas de Oaxaca su apoyo y confianza en la dependencia que encabeza, en el IFPA y en la Tienda ARIPO que es el punto de venta de sus creaciones.<\/p>\n\n\n\n<p>\u201cTengan por seguro que nosotros estaremos cuidando lo que ustedes hacen porque es parte de Oaxaca, y la riqueza que tienen en la mente y en sus manos, es nuestra obligaci\u00f3n acompa\u00f1arles para dignificar sus condiciones\u201d, expres\u00f3.<\/p>\n\n\n\n<p>Ra\u00fal Ruiz Robles resalt\u00f3 que todos los beneficios que logre la secretar\u00eda en conjunto con el IFPA son directos para las personas artesanas. \u201cNo nos interesa tener alguna ganancia, los beneficios que consigamos ser\u00e1n para que se les atribuya directamente, no queremos intermediarismo, por el contrario, los queremos a ustedes al centro de nuestra gesti\u00f3n\u201d.<\/p>\n\n\n\n<p>La Tienda ARIPO es un espacio administrado por IFPA que brinda una ventana a las maestras y maestros artesanos de Oaxaca para la comercializaci\u00f3n de sus piezas o creaciones sin costo alguno, impulsando as\u00ed el desarrollo artesanal para mejorar las condiciones de vida de las familias artesanas.<\/p>\n\n\n\n<p>-0-<\/p>\n\n\n\n<figure class=\"wp-block-image size-large\"><img decoding=\"async\" src=\"https:\/\/contextoanalisisperiodistico.com\/wp-content\/uploads\/2023\/03\/img-20230329-wa01174975690553227538716-1024x682.jpg\" alt=\"\" class=\"wp-image-11166\"\/><\/figure>\n\n\n\n<figure class=\"wp-block-image\"><img decoding=\"async\" src=\"https:\/\/contextoanalisisperiodistico.com\/wp-content\/uploads\/2023\/03\/img-20230329-wa01188619822943373664024-1024x682.jpg\" alt=\"\" class=\"wp-image-11165\"\/><\/figure>\n","protected":false},"excerpt":{"rendered":"<p>\u2022 El Gobierno de Oaxaca les reconoci\u00f3 la confianza depositada para la comercializaci\u00f3n de sus&#8230;<\/p>\n","protected":false},"author":4,"featured_media":0,"comment_status":"open","ping_status":"open","sticky":false,"template":"","format":"standard","meta":{"footnotes":""},"categories":[7],"tags":[],"jetpack_sharing_enabled":true,"featured_image_urls":{"full":"","thumbnail":"","medium":"","medium_large":"","large":"","1536x1536":"","2048x2048":"","covernews-slider-full":"","covernews-slider-center":"","covernews-featured":"","covernews-medium":"","covernews-medium-square":""},"author_info":{"display_name":"Mario Gir\u00f3n","author_link":"https:\/\/contextoanalisisperiodistico.com\/index.php\/author\/director\/"},"category_info":"<a href=\"https:\/\/contextoanalisisperiodistico.com\/index.php\/category\/municipios\/\" rel=\"category tag\">Municipios<\/a>","tag_info":"Municipios","comment_count":"0","jetpack_featured_media_url":"","_links":{"self":[{"href":"https:\/\/contextoanalisisperiodistico.com\/index.php\/wp-json\/wp\/v2\/posts\/11163"}],"collection":[{"href":"https:\/\/contextoanalisisperiodistico.com\/index.php\/wp-json\/wp\/v2\/posts"}],"about":[{"href":"https:\/\/contextoanalisisperiodistico.com\/index.php\/wp-json\/wp\/v2\/types\/post"}],"author":[{"embeddable":true,"href":"https:\/\/contextoanalisisperiodistico.com\/index.php\/wp-json\/wp\/v2\/users\/4"}],"replies":[{"embeddable":true,"href":"https:\/\/contextoanalisisperiodistico.com\/index.php\/wp-json\/wp\/v2\/comments?post=11163"}],"version-history":[{"count":1,"href":"https:\/\/contextoanalisisperiodistico.com\/index.php\/wp-json\/wp\/v2\/posts\/11163\/revisions"}],"predecessor-version":[{"id":11167,"href":"https:\/\/contextoanalisisperiodistico.com\/index.php\/wp-json\/wp\/v2\/posts\/11163\/revisions\/11167"}],"wp:attachment":[{"href":"https:\/\/contextoanalisisperiodistico.com\/index.php\/wp-json\/wp\/v2\/media?parent=11163"}],"wp:term":[{"taxonomy":"category","embeddable":true,"href":"https:\/\/contextoanalisisperiodistico.com\/index.php\/wp-json\/wp\/v2\/categories?post=11163"},{"taxonomy":"post_tag","embeddable":true,"href":"https:\/\/contextoanalisisperiodistico.com\/index.php\/wp-json\/wp\/v2\/tags?post=11163"}],"curies":[{"name":"wp","href":"https:\/\/api.w.org\/{rel}","templated":true}]}}