{"id":11128,"date":"2023-03-29T08:54:27","date_gmt":"2023-03-29T14:54:27","guid":{"rendered":"https:\/\/contextoanalisisperiodistico.com\/?p=11128"},"modified":"2023-03-29T08:54:34","modified_gmt":"2023-03-29T14:54:34","slug":"municipio-capitalino-presenta-el-micrositio-de-mejora-regulatoria","status":"publish","type":"post","link":"https:\/\/contextoanalisisperiodistico.com\/index.php\/2023\/03\/29\/municipio-capitalino-presenta-el-micrositio-de-mejora-regulatoria\/","title":{"rendered":"Municipio capitalino presenta el micrositio de Mejora Regulatoria"},"content":{"rendered":"<div id=\"fb-root\"><\/div>\n\n<p>\u2022 A trav\u00e9s de la p\u00e1gina https:\/\/mejoraregulatoria.municipiodeoaxaca.gob.mx\/ se promueve la rendici\u00f3n de cuentas por parte de las y los servidores p\u00fablicos.<\/p>\n\n\n\n<ul>\n<li>Se refrenda el compromiso del municipio capitalino con la lucha contra la corrupci\u00f3n y garantiza el derecho a la informaci\u00f3n p\u00fablica.<\/li>\n<\/ul>\n\n\n\n<p>Oaxaca de Ju\u00e1rez, Oax., a 29 de marzo de 2023.- El gobierno municipal de Oaxaca de Ju\u00e1rez, encabezado por el edil Francisco Mart\u00ednez Neri, ha hecho de la eficiencia y transparencia en la realizaci\u00f3n de tr\u00e1mites y servicios una de sus principales prioridades. Por ello, se present\u00f3 el micrositio oficial de Mejora Regulatoria, alojado dentro de la p\u00e1gina web del gobierno municipal, el cual tiene como objetivo facilitar la tarea de los ciudadanos, empresarios y acad\u00e9micos al proporcionar informaci\u00f3n clara y precisa.<\/p>\n\n\n\n<p>En el marco de la Sesi\u00f3n Ordinaria del Consejo Municipal de Mejora Regulatoria, el edil capitalino, acompa\u00f1ado del Coordinador Estatal de Mejora Regulatoria del estado de Oaxaca, Rolando Carrasco G\u00f3mez, la Presidenta de la Confederaci\u00f3n Patronal de la Rep\u00fablica Mexicana (COPARMEX) Oaxaca, Patricia Barranco Ruiz, as\u00ed como integrantes del Consejo Municipal de Mejora Regulatoria, invitados especiales y funcionarios p\u00fablicos municipales, enfatiz\u00f3 que este micrositio corrobora y refrenda el compromiso del municipio capitalino con la lucha contra la corrupci\u00f3n y garantiza el derecho a la informaci\u00f3n p\u00fablica.<\/p>\n\n\n\n<p>El micrositio de Mejora Regulatoria muestra informaci\u00f3n completa y actualizada de todos los tr\u00e1mites y servicios que ofrece el municipio, como los requisitos, procedimientos, plazos de respuesta, normatividad y datos de las dependencias responsables de cada uno.<\/p>\n\n\n\n<p>Adem\u00e1s, las y los ciudadanos tambi\u00e9n pueden consultar el Padr\u00f3n de inspectores, verificadores y visitadores, donde se encuentran los datos oficiales de los responsables de estas actividades, lo que permite hacer valer sus derechos en caso de alguna visita.<\/p>\n\n\n\n<p>Asimismo, el gobierno municipal pone a disposici\u00f3n de las y los ciudadanos el esquema de Protesta Ciudadana, que permite presentar una queja en caso de que alg\u00fan servidor p\u00fablico altere, incumpla o niegue la gesti\u00f3n de alg\u00fan tr\u00e1mite o servicio, de conformidad con las disposiciones normativas aplicables.<\/p>\n\n\n\n<p>La presentaci\u00f3n de este micrositio, marca un precedente en el municipio de Oaxaca de Ju\u00e1rez y es un importante paso en la mejora de la eficiencia y transparencia del gobierno municipal, lo que beneficia directamente a la ciudadan\u00eda y promueve la rendici\u00f3n de cuentas por parte de los servidores p\u00fablicos.<\/p>\n\n\n\n<figure class=\"wp-block-image size-large\"><img decoding=\"async\" src=\"https:\/\/contextoanalisisperiodistico.com\/wp-content\/uploads\/2023\/03\/img-20230329-wa00143511480860370186651-1024x683.jpg\" alt=\"\" class=\"wp-image-11130\"\/><\/figure>\n\n\n\n<figure class=\"wp-block-image\"><img decoding=\"async\" src=\"https:\/\/contextoanalisisperiodistico.com\/wp-content\/uploads\/2023\/03\/img-20230329-wa0015700611614988382684-1024x683.jpg\" alt=\"\" class=\"wp-image-11131\"\/><\/figure>\n","protected":false},"excerpt":{"rendered":"<p>\u2022 A trav\u00e9s de la p\u00e1gina https:\/\/mejoraregulatoria.municipiodeoaxaca.gob.mx\/ se promueve la rendici\u00f3n de cuentas por parte&#8230;<\/p>\n","protected":false},"author":4,"featured_media":0,"comment_status":"open","ping_status":"open","sticky":false,"template":"","format":"standard","meta":{"footnotes":""},"categories":[9],"tags":[],"jetpack_sharing_enabled":true,"featured_image_urls":{"full":"","thumbnail":"","medium":"","medium_large":"","large":"","1536x1536":"","2048x2048":"","covernews-slider-full":"","covernews-slider-center":"","covernews-featured":"","covernews-medium":"","covernews-medium-square":""},"author_info":{"display_name":"Mario Gir\u00f3n","author_link":"https:\/\/contextoanalisisperiodistico.com\/index.php\/author\/director\/"},"category_info":"<a href=\"https:\/\/contextoanalisisperiodistico.com\/index.php\/category\/politica\/\" rel=\"category tag\">Pol\u00edtica<\/a>","tag_info":"Pol\u00edtica","comment_count":"0","jetpack_featured_media_url":"","_links":{"self":[{"href":"https:\/\/contextoanalisisperiodistico.com\/index.php\/wp-json\/wp\/v2\/posts\/11128"}],"collection":[{"href":"https:\/\/contextoanalisisperiodistico.com\/index.php\/wp-json\/wp\/v2\/posts"}],"about":[{"href":"https:\/\/contextoanalisisperiodistico.com\/index.php\/wp-json\/wp\/v2\/types\/post"}],"author":[{"embeddable":true,"href":"https:\/\/contextoanalisisperiodistico.com\/index.php\/wp-json\/wp\/v2\/users\/4"}],"replies":[{"embeddable":true,"href":"https:\/\/contextoanalisisperiodistico.com\/index.php\/wp-json\/wp\/v2\/comments?post=11128"}],"version-history":[{"count":1,"href":"https:\/\/contextoanalisisperiodistico.com\/index.php\/wp-json\/wp\/v2\/posts\/11128\/revisions"}],"predecessor-version":[{"id":11132,"href":"https:\/\/contextoanalisisperiodistico.com\/index.php\/wp-json\/wp\/v2\/posts\/11128\/revisions\/11132"}],"wp:attachment":[{"href":"https:\/\/contextoanalisisperiodistico.com\/index.php\/wp-json\/wp\/v2\/media?parent=11128"}],"wp:term":[{"taxonomy":"category","embeddable":true,"href":"https:\/\/contextoanalisisperiodistico.com\/index.php\/wp-json\/wp\/v2\/categories?post=11128"},{"taxonomy":"post_tag","embeddable":true,"href":"https:\/\/contextoanalisisperiodistico.com\/index.php\/wp-json\/wp\/v2\/tags?post=11128"}],"curies":[{"name":"wp","href":"https:\/\/api.w.org\/{rel}","templated":true}]}}