{"id":11068,"date":"2023-03-27T20:46:20","date_gmt":"2023-03-28T02:46:20","guid":{"rendered":"https:\/\/contextoanalisisperiodistico.com\/?p=11068"},"modified":"2023-03-27T20:46:58","modified_gmt":"2023-03-28T02:46:58","slug":"deslindaran-responsabilidades-por-119-obras-inconclusas-en-oaxaca-sinfra","status":"publish","type":"post","link":"https:\/\/contextoanalisisperiodistico.com\/index.php\/2023\/03\/27\/deslindaran-responsabilidades-por-119-obras-inconclusas-en-oaxaca-sinfra\/","title":{"rendered":"Deslindar\u00e1n responsabilidades por 119 obras inconclusas en Oaxaca: Sinfra"},"content":{"rendered":"<div id=\"fb-root\"><\/div>\n\n<p>\u2022 El estado se transformar\u00e1 con obras que generen desarrollo y equilibrio<\/p>\n\n\n\n<p>Oaxaca de Ju\u00e1rez, Oax. 27 de marzo de 2023.- La Secretar\u00eda de las Infraestructuras y Comunicaciones (Sinfra) del Gobierno de Oaxaca revis\u00f3 y prepar\u00f3 los expedientes de las obras inconclusas por parte de la administraci\u00f3n anterior, para deslindar las responsabilidades respectivas.<\/p>\n\n\n\n<p>Durante los primeros meses de la nueva administraci\u00f3n estatal, la Secretar\u00eda recibi\u00f3 119 obras inconclusas, a las cuales se les dio prioridad para su terminaci\u00f3n, realizando una previa revisi\u00f3n t\u00e9cnica y administrativa para deslindar responsabilidades.<\/p>\n\n\n\n<p>Asimismo, para asegurar la participaci\u00f3n de las empresas oaxaque\u00f1as y la calidad de los proyectos, la dependencia dirigida por Netzahualc\u00f3yotl Salvatierra L\u00f3pez, depur\u00f3 los padrones de contratistas y de directores responsables de obra. De esta manera, toda construcci\u00f3n que se lleve a cabo se har\u00e1 de manera clara, transparente y de calidad.<\/p>\n\n\n\n<p>Entre otras acciones, gestion\u00f3 a trav\u00e9s de diversas reuniones con habitantes de San Vicente Coatl\u00e1n el reinicio de la construcci\u00f3n de la carretera Barranca Larga-Ventanilla la cual tiene un avance de 87.66 por ciento y beneficiar\u00e1 a m\u00e1s de 100 mil 777 habitantes de la regi\u00f3n.<\/p>\n\n\n\n<p>En tanto, otorg\u00f3 seguimiento a los trabajos de la autopista Mitla-Tehuantepec, la cual tiene un avance f\u00edsico global de 69.91 por ciento, el cual beneficiar\u00e1 a m\u00e1s de 80 mil habitantes de 14 municipios.<\/p>\n\n\n\n<p>Asimismo, particip\u00f3 en la Instalaci\u00f3n de la Mesa Intersecretarial del Corredor Interoce\u00e1nico del Istmo de Tehuantepec, la cual da seguimiento a las acciones que se realizan en este importante proyecto que impulsar\u00e1 a Oaxaca en la econom\u00eda nacional e internacional.<\/p>\n\n\n\n<p>En coordinaci\u00f3n con la Secretar\u00eda de Infraestructura, Comunicaciones y Transportes (SICT) se inici\u00f3 la conservaci\u00f3n y reconstrucci\u00f3n de cuatro carreteras alimentadoras en el estado.<\/p>\n\n\n\n<p>Por encargo del Presidente Andr\u00e9s Manuel L\u00f3pez Obrador al Gobernador Salom\u00f3n Jara Cruz, en 2023 y 2024 se concluir\u00e1 con la pavimentaci\u00f3n de 77 caminos a cabeceras municipales. De manera complementaria, el Gobierno invertir\u00e1 mil millones de pesos en el programa de Caminos Bienestar a agencias municipales.<\/p>\n\n\n\n<p>Asimismo, Sinfra inici\u00f3 el programa de restauraci\u00f3n de monumentos hist\u00f3ricos entre los que destacan: el Monumento a Ju\u00e1rez en el cerro del Fort\u00edn y que data de 1906, y el mural que conmemor\u00f3 hace 60 a\u00f1os la construcci\u00f3n de la carretera a Guelatao, con la cooperaci\u00f3n de todos los estados de la rep\u00fablica.<\/p>\n\n\n\n<p>A trav\u00e9s del Consejo Consultivo Ciudadano de las Infraestructuras (Cococinfra) se realiz\u00f3 el Foro Tem\u00e1tico de las Infraestructuras para la integraci\u00f3n del Plan Estatal de Desarrollo (PED) 2022-2028. En tanto que con la participaci\u00f3n del Poder Legislativo se est\u00e1 revisando la Ley del Ordenamiento Territorial y Desarrollo Urbano para el Estado de Oaxaca y el Reglamento de Construcciones.<\/p>\n\n\n\n<p>Con estas primeras acciones, el Gobierno del Estado de Oaxaca a trav\u00e9s de la Secretar\u00eda de Infraestructuras y Comunicaciones impulsa el desarrollo en las comunidades de las ocho regiones del Estado.<\/p>\n\n\n\n\n\n<figure class=\"wp-block-video\"><video controls src=\"https:\/\/contextoanalisisperiodistico.com\/wp-content\/uploads\/2023\/03\/VID-20230327-WA0097.mp4\"><\/video><\/figure>\n\n\n\n<figure class=\"wp-block-image size-large\"><img decoding=\"async\" src=\"https:\/\/contextoanalisisperiodistico.com\/wp-content\/uploads\/2023\/03\/img-20230327-wa00941396732521262850068-1024x682.jpg\" alt=\"\" class=\"wp-image-11071\"\/><\/figure>\n\n\n\n<figure class=\"wp-block-image\"><img decoding=\"async\" src=\"https:\/\/contextoanalisisperiodistico.com\/wp-content\/uploads\/2023\/03\/img-20230327-wa00918731155427718956522-300x225.jpg\" alt=\"\" class=\"wp-image-11072\"\/><\/figure>\n","protected":false},"excerpt":{"rendered":"<p>\u2022 El estado se transformar\u00e1 con obras que generen desarrollo y equilibrio Oaxaca de Ju\u00e1rez,&#8230;<\/p>\n","protected":false},"author":4,"featured_media":0,"comment_status":"open","ping_status":"open","sticky":false,"template":"","format":"standard","meta":{"footnotes":""},"categories":[9],"tags":[],"jetpack_sharing_enabled":true,"featured_image_urls":{"full":"","thumbnail":"","medium":"","medium_large":"","large":"","1536x1536":"","2048x2048":"","covernews-slider-full":"","covernews-slider-center":"","covernews-featured":"","covernews-medium":"","covernews-medium-square":""},"author_info":{"display_name":"Mario Gir\u00f3n","author_link":"https:\/\/contextoanalisisperiodistico.com\/index.php\/author\/director\/"},"category_info":"<a href=\"https:\/\/contextoanalisisperiodistico.com\/index.php\/category\/politica\/\" rel=\"category tag\">Pol\u00edtica<\/a>","tag_info":"Pol\u00edtica","comment_count":"0","jetpack_featured_media_url":"","_links":{"self":[{"href":"https:\/\/contextoanalisisperiodistico.com\/index.php\/wp-json\/wp\/v2\/posts\/11068"}],"collection":[{"href":"https:\/\/contextoanalisisperiodistico.com\/index.php\/wp-json\/wp\/v2\/posts"}],"about":[{"href":"https:\/\/contextoanalisisperiodistico.com\/index.php\/wp-json\/wp\/v2\/types\/post"}],"author":[{"embeddable":true,"href":"https:\/\/contextoanalisisperiodistico.com\/index.php\/wp-json\/wp\/v2\/users\/4"}],"replies":[{"embeddable":true,"href":"https:\/\/contextoanalisisperiodistico.com\/index.php\/wp-json\/wp\/v2\/comments?post=11068"}],"version-history":[{"count":1,"href":"https:\/\/contextoanalisisperiodistico.com\/index.php\/wp-json\/wp\/v2\/posts\/11068\/revisions"}],"predecessor-version":[{"id":11073,"href":"https:\/\/contextoanalisisperiodistico.com\/index.php\/wp-json\/wp\/v2\/posts\/11068\/revisions\/11073"}],"wp:attachment":[{"href":"https:\/\/contextoanalisisperiodistico.com\/index.php\/wp-json\/wp\/v2\/media?parent=11068"}],"wp:term":[{"taxonomy":"category","embeddable":true,"href":"https:\/\/contextoanalisisperiodistico.com\/index.php\/wp-json\/wp\/v2\/categories?post=11068"},{"taxonomy":"post_tag","embeddable":true,"href":"https:\/\/contextoanalisisperiodistico.com\/index.php\/wp-json\/wp\/v2\/tags?post=11068"}],"curies":[{"name":"wp","href":"https:\/\/api.w.org\/{rel}","templated":true}]}}