{"id":11044,"date":"2023-03-27T15:57:32","date_gmt":"2023-03-27T21:57:32","guid":{"rendered":"https:\/\/contextoanalisisperiodistico.com\/?p=11044"},"modified":"2023-03-27T15:57:41","modified_gmt":"2023-03-27T21:57:41","slug":"dif-oaxaca-y-la-beneficencia-publica-inauguran-la-primera-jornada-visual-de-lentes-de-armazon-2023","status":"publish","type":"post","link":"https:\/\/contextoanalisisperiodistico.com\/index.php\/2023\/03\/27\/dif-oaxaca-y-la-beneficencia-publica-inauguran-la-primera-jornada-visual-de-lentes-de-armazon-2023\/","title":{"rendered":"DIF Oaxaca y la Beneficencia P\u00fablica inauguran la \u201cPrimera Jornada Visual de Lentes de Armaz\u00f3n 2023\u201d"},"content":{"rendered":"<div id=\"fb-root\"><\/div>\n\n<p><br>\u2022 Se otorgaron 100 anteojos a igual n\u00famero de personas con debilidad visual, priorizando a habitantes de Santa Mar\u00eda Tlahuitoltepec, Mixe<\/p>\n\n\n\n<p><br>Oaxaca de Ju\u00e1rez, Oax., 27 de marzo de 2023.- Las instalaciones del Sistema DIF Oaxaca fueron sede de la \u201cPrimera Jornada Visual de Lentes de Armaz\u00f3n 2023\u201d, que implementa la Administraci\u00f3n del Patrimonio de la Beneficencia P\u00fablica de Oaxaca (APBPO), mediante la cual se otorgaron 100 anteojos a igual n\u00famero de personas con debilidad visual de cualquier edad a partir de la adolescencia.<br>Con esta primera entrega de apoyos gratuitos, la Beneficencia P\u00fablica se suma a la meta nacional de atenci\u00f3n en 522 municipios rurales m\u00e1s pobres del pa\u00eds.<br>Ante la poblaci\u00f3n beneficiaria proveniente de Santa Mar\u00eda Tlahuitoltepec, Mixe y de la capital oaxaque\u00f1a, Maribel Salinas Velasco, directora general del Sistema DIF Oaxaca extern\u00f3 a nombre de Irma Bola\u00f1os Quijano, presidenta honoraria del organismo asistencial, su benepl\u00e1cito por contribuir a esta jornada que se suma a la que ya implementan con el otorgamiento de lentes de vista cansada en las ocho regiones del estado.<br>\u201cUno de los objetivos en com\u00fan del DIF Oaxaca y la Beneficencia P\u00fablica, es que ambas instituciones trabajamos para quienes m\u00e1s lo necesitan, siempre con el compromiso de impactar de manera positiva en la calidad de vida de las y los oaxaque\u00f1os, para que nadie se quede atr\u00e1s y nadie se quede fuera\u201d, dijo.<br>A su vez, Beatriz Acevedo Montoya, directora general de la APBPO, dio a conocer que esta jornada forma parte del Subprograma I que corresponde a los apoyos a personas f\u00edsicas a trav\u00e9s de beneficencias p\u00fablicas estatales y sinergias con diversas instancias p\u00fablicas y sociales, en beneficio de los m\u00e1s necesitados en materia de salud.<br>Acompa\u00f1ada de Abigail Concepci\u00f3n Jacobo, directora de Desarrollo Social de la APBPO, Acevedo Montoya tambi\u00e9n comparti\u00f3 que forma parte del Subprograma II, correspondiente a los apoyos de atenci\u00f3n puntual de discapacidades en comunidades ind\u00edgenas y marginadas en 522 de los municipios rurales m\u00e1s pobres del pa\u00eds.<br>Por lo que adelant\u00f3 que esta jornada continuar\u00e1 su recorrido por Pinotepa de Don Luis, en la regi\u00f3n de la Costa.<br>Uno de los beneficiarios fue don Juan Mart\u00ednez Mart\u00ednez, originario de Tlahuitoltepec, quien gustoso recibi\u00f3 este apoyo con el que \u2013dijo- se ir\u00e1 acostumbrando porque antes ve\u00eda oscuro a distancias lejanas y ahora se da cuenta que ya distingue mejor lo que hay a su alrededor.<br>Cabe se\u00f1alar que a las personas beneficiarias se les realiz\u00f3 previamente el estudio de optometr\u00eda para identificar el nivel de graduaci\u00f3n, que va desde baja a alta.<br>Las personas que deseen recibir este apoyo pueden solicitar la integraci\u00f3n de su expediente en el comit\u00e9 DIF de su municipio a trav\u00e9s de la presentaci\u00f3n de copias de su identificaci\u00f3n como la credencial del INE, CURP y comprobante de domicilio.<\/p>\n\n\n\n<figure class=\"wp-block-image size-large\"><img decoding=\"async\" src=\"https:\/\/contextoanalisisperiodistico.com\/wp-content\/uploads\/2023\/03\/img-20230327-wa0069626064984361984550-1024x683.jpg\" alt=\"\" class=\"wp-image-11048\"\/><\/figure>\n\n\n\n<figure class=\"wp-block-image\"><img decoding=\"async\" src=\"https:\/\/contextoanalisisperiodistico.com\/wp-content\/uploads\/2023\/03\/img-20230327-wa00701039632520856998243-1024x683.jpg\" alt=\"\" class=\"wp-image-11047\"\/><\/figure>\n\n\n\n<figure class=\"wp-block-image\"><img decoding=\"async\" src=\"https:\/\/contextoanalisisperiodistico.com\/wp-content\/uploads\/2023\/03\/img-20230327-wa00712896896341282536398-1024x683.jpg\" alt=\"\" class=\"wp-image-11046\"\/><\/figure>\n\n\n\n<p>-0-<\/p>\n","protected":false},"excerpt":{"rendered":"<p>\u2022 Se otorgaron 100 anteojos a igual n\u00famero de personas con debilidad visual, priorizando a&#8230;<\/p>\n","protected":false},"author":4,"featured_media":0,"comment_status":"open","ping_status":"open","sticky":false,"template":"","format":"standard","meta":{"footnotes":""},"categories":[9],"tags":[],"jetpack_sharing_enabled":true,"featured_image_urls":{"full":"","thumbnail":"","medium":"","medium_large":"","large":"","1536x1536":"","2048x2048":"","covernews-slider-full":"","covernews-slider-center":"","covernews-featured":"","covernews-medium":"","covernews-medium-square":""},"author_info":{"display_name":"Mario Gir\u00f3n","author_link":"https:\/\/contextoanalisisperiodistico.com\/index.php\/author\/director\/"},"category_info":"<a href=\"https:\/\/contextoanalisisperiodistico.com\/index.php\/category\/politica\/\" rel=\"category tag\">Pol\u00edtica<\/a>","tag_info":"Pol\u00edtica","comment_count":"0","jetpack_featured_media_url":"","_links":{"self":[{"href":"https:\/\/contextoanalisisperiodistico.com\/index.php\/wp-json\/wp\/v2\/posts\/11044"}],"collection":[{"href":"https:\/\/contextoanalisisperiodistico.com\/index.php\/wp-json\/wp\/v2\/posts"}],"about":[{"href":"https:\/\/contextoanalisisperiodistico.com\/index.php\/wp-json\/wp\/v2\/types\/post"}],"author":[{"embeddable":true,"href":"https:\/\/contextoanalisisperiodistico.com\/index.php\/wp-json\/wp\/v2\/users\/4"}],"replies":[{"embeddable":true,"href":"https:\/\/contextoanalisisperiodistico.com\/index.php\/wp-json\/wp\/v2\/comments?post=11044"}],"version-history":[{"count":1,"href":"https:\/\/contextoanalisisperiodistico.com\/index.php\/wp-json\/wp\/v2\/posts\/11044\/revisions"}],"predecessor-version":[{"id":11049,"href":"https:\/\/contextoanalisisperiodistico.com\/index.php\/wp-json\/wp\/v2\/posts\/11044\/revisions\/11049"}],"wp:attachment":[{"href":"https:\/\/contextoanalisisperiodistico.com\/index.php\/wp-json\/wp\/v2\/media?parent=11044"}],"wp:term":[{"taxonomy":"category","embeddable":true,"href":"https:\/\/contextoanalisisperiodistico.com\/index.php\/wp-json\/wp\/v2\/categories?post=11044"},{"taxonomy":"post_tag","embeddable":true,"href":"https:\/\/contextoanalisisperiodistico.com\/index.php\/wp-json\/wp\/v2\/tags?post=11044"}],"curies":[{"name":"wp","href":"https:\/\/api.w.org\/{rel}","templated":true}]}}