{"id":11031,"date":"2023-03-27T15:21:05","date_gmt":"2023-03-27T21:21:05","guid":{"rendered":"https:\/\/contextoanalisisperiodistico.com\/?p=11031"},"modified":"2023-03-27T15:21:14","modified_gmt":"2023-03-27T21:21:14","slug":"inaugura-gobernador-salomon-jara-stand-del-estado-de-oaxaca-en-el-tianguis-turistico","status":"publish","type":"post","link":"https:\/\/contextoanalisisperiodistico.com\/index.php\/2023\/03\/27\/inaugura-gobernador-salomon-jara-stand-del-estado-de-oaxaca-en-el-tianguis-turistico\/","title":{"rendered":"Inaugura Gobernador Salom\u00f3n Jara stand del Estado de Oaxaca en el Tianguis Tur\u00edstico"},"content":{"rendered":"<div id=\"fb-root\"><\/div>\n\n<p>\u2022 Es el pabell\u00f3n m\u00e1s grande y completo que ha tenido la entidad en este tipo de feria, al asentarse sobre una superficie de 350 metros cuadrados de cultura, tradici\u00f3n y color<br \/>\u2022 En la inauguraci\u00f3n del stand, el Secretario de Turismo del Gobierno Federal, Miguel Torruco Marqu\u00e9s entreg\u00f3 al Barrio de Jalatlaco del municipio de Oaxaca de Ju\u00e1rez, un certificado que lo acredita como \u201cBarrio M\u00e1gico\u201d<\/p>\n\n\n\n<p>Ciudad de M\u00e9xico, 27 de marzo de 2023.- El Gobernador Salom\u00f3n Jara Cruz inaugur\u00f3 el stand del Estado de Oaxaca en el Tianguis Tur\u00edstico 2023 que este a\u00f1o se celebra en el Centro Citibanamex de la Ciudad de M\u00e9xico.<\/p>\n\n\n\n<p>Acompa\u00f1ado de la Jefa de Gobierno Claudia Sheinbaum Pardo, del secretario de Turismo del Gobierno Federal, Miguel Torruco Marqu\u00e9s y de la secretaria de Turismo del Estado, Saymi Pineda, el titular del Poder Ejecutivo estatal cort\u00f3 el list\u00f3n del que es el pabell\u00f3n m\u00e1s grande y completo que ha tenido la entidad en este tipo de feria.<\/p>\n\n\n\n<p>En la inauguraci\u00f3n del stand, el Secretario de Turismo del Gobierno Federal, Miguel Torruco Marqu\u00e9s entreg\u00f3 al Barrio de Jalatlaco del municipio de Oaxaca de Ju\u00e1rez, un certificado que lo acredita como \u201cBarrio M\u00e1gico\u201d.<\/p>\n\n\n\n<p>Por primera vez el stand de Oaxaca, no solo est\u00e1 conformado con 55 tipos de \u00e1reas para atender a los tours operadores, sino que cuenta tambi\u00e9n con barras de atenci\u00f3n para pueblos m\u00e1gicos, rutas tur\u00edsticas, \u00e1reas naturales protegidas y segmentos especializados.<\/p>\n\n\n\n<p>Adicionalmente, cuenta con \u00e1reas para activaciones, donde se proyectan las expresiones culturales y gastron\u00f3micas que distinguen a nuestro estado de Oaxaca.<\/p>\n\n\n\n<p>El objetivo de tener un pabell\u00f3n de estas dimensiones es tener una destacada y productiva presencia durante el Tianguis Tur\u00edstico de M\u00e9xico 2023, el cual representa la plataforma m\u00e1s importante para el encuentro de negocios con los principales tour operadores y agencias mayoristas que ofertan el pa\u00eds.<\/p>\n\n\n\n<p>Lo anterior a trav\u00e9s de una coordinada participaci\u00f3n, incluidos los prestadores de servicios de los destinos del estado, autoridades municipales, artesanas, artesanos, cocineras y productores de mezcal. Bajo una estrategia integral de promoci\u00f3n con la marca \u201cOaxaca, tierra orgullosa de sus ra\u00edces\u201d.<\/p>\n\n\n\n<p>Son 350 metros cuadrados de cultura, de tradici\u00f3n y color, adem\u00e1s de que se mostrar\u00e1n a propios y extra\u00f1os diversas manifestaciones culturales y gastron\u00f3micas que distinguen al estado de Oaxaca.<\/p>\n\n\n\n<p>La titular de la Secretar\u00eda de Turismo, Saymi Pineda destac\u00f3 que el turismo en Oaxaca tiene perspectiva intercultural, por ello es que el stand refleja la diversidad de las ocho regiones del estado proyectando todas sus bellezas.<\/p>\n\n\n\n<p>Se cuenta adem\u00e1s con la presencia de cuatro cocineras tradicionales de las regiones de la Mixteca, Istmo, Cuenca del Papaloapan y Valles Centrales. Asimismo, con siete organizaciones mezcaleras, artesanas y artesanos de barro negro de San Bartolo Coyotepec, alebrijes de San Mart\u00edn Tilcajete, textiles de Teotitl\u00e1n del Valle, Santa Ana del Valle, San Lucas Ojitl\u00e1n y San Juan Colorado y un cafetalero de la zona de Pluma Hidalgo.<\/p>\n\n\n\n<p>La funcionaria destac\u00f3 que en agosto se inaugurar\u00e1 la carretera Barranca Larga-Ventanilla, adem\u00e1s de la inversi\u00f3n de m\u00e1s de dos mil millones de pesos para el aeropuerto de Puerto Escondido que ahora ser\u00e1 de nivel internacional, lo cual se sumar\u00e1 a las operaciones de las distintas aerol\u00edneas que llegan a la Costa oaxaque\u00f1a y que permitir\u00e1 tener una mejor conectividad con otras naciones.<\/p>\n\n\n\n<p>-0-<\/p>\n\n\n\n<figure class=\"wp-block-image size-large\"><img decoding=\"async\" src=\"https:\/\/contextoanalisisperiodistico.com\/wp-content\/uploads\/2023\/03\/img-20230327-wa00355933446938189857087-1024x682.jpg\" alt=\"\" class=\"wp-image-11034\"\/><\/figure>\n\n\n\n<figure class=\"wp-block-image\"><img decoding=\"async\" src=\"https:\/\/contextoanalisisperiodistico.com\/wp-content\/uploads\/2023\/03\/img-20230327-wa00508767901354761786780-1024x682.jpg\" alt=\"\" class=\"wp-image-11033\"\/><\/figure>\n","protected":false},"excerpt":{"rendered":"<p>\u2022 Es el pabell\u00f3n m\u00e1s grande y completo que ha tenido la entidad en este&#8230;<\/p>\n","protected":false},"author":4,"featured_media":0,"comment_status":"open","ping_status":"open","sticky":false,"template":"","format":"standard","meta":{"footnotes":""},"categories":[9],"tags":[],"jetpack_sharing_enabled":true,"featured_image_urls":{"full":"","thumbnail":"","medium":"","medium_large":"","large":"","1536x1536":"","2048x2048":"","covernews-slider-full":"","covernews-slider-center":"","covernews-featured":"","covernews-medium":"","covernews-medium-square":""},"author_info":{"display_name":"Mario Gir\u00f3n","author_link":"https:\/\/contextoanalisisperiodistico.com\/index.php\/author\/director\/"},"category_info":"<a href=\"https:\/\/contextoanalisisperiodistico.com\/index.php\/category\/politica\/\" rel=\"category tag\">Pol\u00edtica<\/a>","tag_info":"Pol\u00edtica","comment_count":"0","jetpack_featured_media_url":"","_links":{"self":[{"href":"https:\/\/contextoanalisisperiodistico.com\/index.php\/wp-json\/wp\/v2\/posts\/11031"}],"collection":[{"href":"https:\/\/contextoanalisisperiodistico.com\/index.php\/wp-json\/wp\/v2\/posts"}],"about":[{"href":"https:\/\/contextoanalisisperiodistico.com\/index.php\/wp-json\/wp\/v2\/types\/post"}],"author":[{"embeddable":true,"href":"https:\/\/contextoanalisisperiodistico.com\/index.php\/wp-json\/wp\/v2\/users\/4"}],"replies":[{"embeddable":true,"href":"https:\/\/contextoanalisisperiodistico.com\/index.php\/wp-json\/wp\/v2\/comments?post=11031"}],"version-history":[{"count":1,"href":"https:\/\/contextoanalisisperiodistico.com\/index.php\/wp-json\/wp\/v2\/posts\/11031\/revisions"}],"predecessor-version":[{"id":11035,"href":"https:\/\/contextoanalisisperiodistico.com\/index.php\/wp-json\/wp\/v2\/posts\/11031\/revisions\/11035"}],"wp:attachment":[{"href":"https:\/\/contextoanalisisperiodistico.com\/index.php\/wp-json\/wp\/v2\/media?parent=11031"}],"wp:term":[{"taxonomy":"category","embeddable":true,"href":"https:\/\/contextoanalisisperiodistico.com\/index.php\/wp-json\/wp\/v2\/categories?post=11031"},{"taxonomy":"post_tag","embeddable":true,"href":"https:\/\/contextoanalisisperiodistico.com\/index.php\/wp-json\/wp\/v2\/tags?post=11031"}],"curies":[{"name":"wp","href":"https:\/\/api.w.org\/{rel}","templated":true}]}}