{"id":10983,"date":"2023-03-26T13:16:34","date_gmt":"2023-03-26T19:16:34","guid":{"rendered":"https:\/\/contextoanalisisperiodistico.com\/?p=10983"},"modified":"2023-03-26T13:16:41","modified_gmt":"2023-03-26T19:16:41","slug":"gran-celebracion-de-aniversario-de-la-colonia-popular-carlos-sanchez","status":"publish","type":"post","link":"https:\/\/contextoanalisisperiodistico.com\/index.php\/2023\/03\/26\/gran-celebracion-de-aniversario-de-la-colonia-popular-carlos-sanchez\/","title":{"rendered":"Gran celebraci\u00f3n de Aniversario de la colonia popular \u00abCarlos S\u00e1nchez\u00bb"},"content":{"rendered":"<div id=\"fb-root\"><\/div>\n\n<p>Comunicado.-Gran celebraci\u00f3n de aniversario tuvo lugar este 25 de Marzo en la colonia popular Carlos S\u00e1nchez por sus 19 a\u00f1os de fundaci\u00f3n, as\u00ed honraron la memoria del luchador social, el abogado Carlos S\u00e1nchez.<\/p>\n\n\n\n<p>La celebraci\u00f3n cont\u00f3 con la presencia de las familias del lugar y de muchos invitados que llegaron a disfrutar de la comida, la m\u00fasica y el baile, adem\u00e1s de pasar una tarde-noche agradable.<\/p>\n\n\n\n<p>Durante la ceremonia de bienvenida, la licenciada Gloria S\u00e1nchez, dirigente del FDD-COCEI, agradeci\u00f3 a todos los presentes su asistencia y participaci\u00f3n y expres\u00f3 que es un honor recordar a su padre Ciro S\u00e1nchez, quien con su hermano el ingeniero H\u00e9ctor S\u00e1nchez, propietarios del predio, decidieron donarlo para construir la colonia popular que lleva el nombre del licenciado Carlos S\u00e1nchez.<\/p>\n\n\n\n<p>Por su parte el dirigente hist\u00f3rico de la COCEI H\u00e9ctor S\u00e1nchez tambi\u00e9n se refiri\u00f3 el gran coraz\u00f3n de su padre Ciro S\u00e1nchez y a\u00f1adi\u00f3 que la colonia que \u00e9l dej\u00f3 es ejemplo de trabajo, de unidad y de lucha.<\/p>\n\n\n\n<p>De igual manera, H\u00e9ctor S\u00e1nchez llam\u00f3 a mantenerse alertas a los movimientos que se registran en el pa\u00eds, y convoc\u00f3 a la unidad para que la cuarta transformaci\u00f3n de Andr\u00e9s Manuel L\u00f3pez Obrador contin\u00fae en favor de los pobres.<\/p>\n\n\n\n<p>Los dirigentes tambi\u00e9n fungieron como padrinos de coronaci\u00f3n de la Reyna de las festividades de este 2023, Shunaxhi Juquila y sus princesas: Laura Paola y Kenia Jetzab\u00e9, acompa\u00f1adas de sus chambelanes Alexis Jim\u00e9nez, Omar Rodr\u00edguez y Roberto Ra\u00fal Hern\u00e1ndez.<\/p>\n\n\n\n<p><br>La fiesta contin\u00fao parte de la noche, en un ambiente festivo, de unidad y alegr\u00eda.<\/p>\n\n\n\n<figure class=\"wp-block-image size-large\"><img decoding=\"async\" src=\"https:\/\/contextoanalisisperiodistico.com\/wp-content\/uploads\/2023\/03\/img-20230326-wa00486781567613910831691-1024x769.jpg\" alt=\"\" class=\"wp-image-10987\"\/><\/figure>\n\n\n\n<figure class=\"wp-block-image\"><img decoding=\"async\" src=\"https:\/\/contextoanalisisperiodistico.com\/wp-content\/uploads\/2023\/03\/img-20230326-wa00451841117785734199720-1024x769.jpg\" alt=\"\" class=\"wp-image-10986\"\/><\/figure>\n\n\n\n<figure class=\"wp-block-image\"><img decoding=\"async\" src=\"https:\/\/contextoanalisisperiodistico.com\/wp-content\/uploads\/2023\/03\/img-20230326-wa00444513753366920984353-1024x769.jpg\" alt=\"\" class=\"wp-image-10985\"\/><\/figure>\n\n\n\n<figure class=\"wp-block-image\"><img decoding=\"async\" src=\"https:\/\/contextoanalisisperiodistico.com\/wp-content\/uploads\/2023\/03\/img-20230326-wa00395317536215224351181-1024x769.jpg\" alt=\"\" class=\"wp-image-10988\"\/><\/figure>\n","protected":false},"excerpt":{"rendered":"<p>Comunicado.-Gran celebraci\u00f3n de aniversario tuvo lugar este 25 de Marzo en la colonia popular Carlos&#8230;<\/p>\n","protected":false},"author":4,"featured_media":0,"comment_status":"open","ping_status":"open","sticky":false,"template":"","format":"standard","meta":{"footnotes":""},"categories":[7,9],"tags":[],"jetpack_sharing_enabled":true,"featured_image_urls":{"full":"","thumbnail":"","medium":"","medium_large":"","large":"","1536x1536":"","2048x2048":"","covernews-slider-full":"","covernews-slider-center":"","covernews-featured":"","covernews-medium":"","covernews-medium-square":""},"author_info":{"display_name":"Mario Gir\u00f3n","author_link":"https:\/\/contextoanalisisperiodistico.com\/index.php\/author\/director\/"},"category_info":"<a href=\"https:\/\/contextoanalisisperiodistico.com\/index.php\/category\/municipios\/\" rel=\"category tag\">Municipios<\/a> <a href=\"https:\/\/contextoanalisisperiodistico.com\/index.php\/category\/politica\/\" rel=\"category tag\">Pol\u00edtica<\/a>","tag_info":"Pol\u00edtica","comment_count":"0","jetpack_featured_media_url":"","_links":{"self":[{"href":"https:\/\/contextoanalisisperiodistico.com\/index.php\/wp-json\/wp\/v2\/posts\/10983"}],"collection":[{"href":"https:\/\/contextoanalisisperiodistico.com\/index.php\/wp-json\/wp\/v2\/posts"}],"about":[{"href":"https:\/\/contextoanalisisperiodistico.com\/index.php\/wp-json\/wp\/v2\/types\/post"}],"author":[{"embeddable":true,"href":"https:\/\/contextoanalisisperiodistico.com\/index.php\/wp-json\/wp\/v2\/users\/4"}],"replies":[{"embeddable":true,"href":"https:\/\/contextoanalisisperiodistico.com\/index.php\/wp-json\/wp\/v2\/comments?post=10983"}],"version-history":[{"count":1,"href":"https:\/\/contextoanalisisperiodistico.com\/index.php\/wp-json\/wp\/v2\/posts\/10983\/revisions"}],"predecessor-version":[{"id":10989,"href":"https:\/\/contextoanalisisperiodistico.com\/index.php\/wp-json\/wp\/v2\/posts\/10983\/revisions\/10989"}],"wp:attachment":[{"href":"https:\/\/contextoanalisisperiodistico.com\/index.php\/wp-json\/wp\/v2\/media?parent=10983"}],"wp:term":[{"taxonomy":"category","embeddable":true,"href":"https:\/\/contextoanalisisperiodistico.com\/index.php\/wp-json\/wp\/v2\/categories?post=10983"},{"taxonomy":"post_tag","embeddable":true,"href":"https:\/\/contextoanalisisperiodistico.com\/index.php\/wp-json\/wp\/v2\/tags?post=10983"}],"curies":[{"name":"wp","href":"https:\/\/api.w.org\/{rel}","templated":true}]}}