{"id":10969,"date":"2023-03-26T10:55:22","date_gmt":"2023-03-26T16:55:22","guid":{"rendered":"https:\/\/contextoanalisisperiodistico.com\/index.php\/2023\/03\/26\/ogaipo-resuelve-a-favor-de-inconformes-con-respuesta-de-instituciones-publicas\/"},"modified":"2023-03-26T10:55:22","modified_gmt":"2023-03-26T16:55:22","slug":"ogaipo-resuelve-a-favor-de-inconformes-con-respuesta-de-instituciones-publicas","status":"publish","type":"post","link":"https:\/\/contextoanalisisperiodistico.com\/index.php\/2023\/03\/26\/ogaipo-resuelve-a-favor-de-inconformes-con-respuesta-de-instituciones-publicas\/","title":{"rendered":"OGAIPO resuelve a favor de inconformes con respuesta de instituciones p\u00fablicas"},"content":{"rendered":"<div id=\"fb-root\"><\/div>\n\n<p><strong>&nbsp;<\/strong><\/p>\n\n\n\n<p><em>Oaxaca de Ju\u00e1rez, Oaxaca, a 23 de marzo de 2023<\/em>.- El Consejo General del \u00d3rgano Garante de Acceso a la Informaci\u00f3n P\u00fablica, Transparencia, Protecci\u00f3n de Datos Personales y Buen Gobierno del Estado de Oaxaca (OGAIPO) llev\u00f3 a cabo la Sexta Sesi\u00f3n Ordinaria del ejercicio 2023.<\/p>\n\n\n\n<p>&nbsp;<\/p>\n\n\n\n<p>El Pleno del OGAIPO est\u00e1 integrado por el Comisionado Presidente Josu\u00e9 Solana Salmor\u00e1n, las Comisionadas, Claudia Ivette Soto Pineda, X\u00f3chitl Elizabeth M\u00e9ndez S\u00e1nchez, Mar\u00eda Tanivet Ramos Reyes y el Comisionado Jos\u00e9 Luis Echeverr\u00eda Morales, quienes resolvieron recursos de revisi\u00f3n interpuestos ante la respuesta obtenida o falta de la misma, de solicitudes de informaci\u00f3n realizadas a Sujetos obligados del Estado de Oaxaca.<\/p>\n\n\n\n<p>&nbsp;<\/p>\n\n\n\n<p>En esta Sesi\u00f3n, se analiz\u00f3 un total de cuarenta y dos recursos en materia de acceso a la informaci\u00f3n; respecto a las resoluciones emitidas por el \u00d3rgano Garante Local, en catorce se modific\u00f3 la respuesta del Sujeto obligado, mientras que en diecisiete se ordena la entrega de informaci\u00f3n, en seis proyectos se confirma la respuesta, nueve recursos de revisi\u00f3n fueron sobrese\u00eddos y seis se desecharon.<\/p>\n\n\n\n<p>&nbsp;<\/p>\n\n\n\n<p>Por unanimidad el Consejo General del OGAIPO aprob\u00f3 20 resoluciones de denuncias por incumplimiento a las Obligaciones de Transparencia interpuestas contra de: Fiscal\u00eda General del Estado de Oaxaca, Tribunal de Justicia Administrativa del Estado de Oaxaca, Comisi\u00f3n Estatal del Agua, ahora Comisi\u00f3n Estatal del Agua para el Bienestar, Coordinaci\u00f3n del Servicio Nacional del Empleo Oaxaca, Direcci\u00f3n General de Poblaci\u00f3n de Oaxaca, H. Tribunal Superior de Justicia, Instituto Oaxaque\u00f1o de las Artesan\u00edas, Instituto de Capacitaci\u00f3n y Productividad para el Trabajo del Estado de Oaxaca, Colegio de Estudios Cient\u00edficos y Tecnol\u00f3gicos del Estado de Oaxaca, Secretar\u00eda de las Mujeres de Oaxaca, Instituto de la Funci\u00f3n Registral del Estado de Oaxaca, H. Congreso del Estado Libre y Soberano de Oaxaca, Servicios de Salud de Oaxaca, \u00d3rgano Superior de Fiscalizaci\u00f3n del Estado de Oaxaca, ahora Auditor\u00eda Superior de Fiscalizaci\u00f3n del Estado de Oaxaca, Comisi\u00f3n Estatal de Arbitraje M\u00e9dico, Sistema para el Desarrollo Integral de la Familia del Estado de Oaxaca, Consejo Estatal para la Prevenci\u00f3n y Control del Sida, Coordinaci\u00f3n para la Atenci\u00f3n de Derechos Humanos, H. Ayuntamiento de Santa Luc\u00eda del Camino y Centro de Conciliaci\u00f3n Laboral del Estado de Oaxaca.<\/p>\n\n\n\n<p>&nbsp;<\/p>\n\n\n\n<p>Por otro lado, tambi\u00e9n se aprob\u00f3 la excusa del Comisionado Jos\u00e9 Luis Echeverr\u00eda Morales, para emitir su voto en las resoluciones de los recursos de revisi\u00f3n: R.R.A.I.\/0819\/2022\/SICOM Y R.R.A.I.\/0824\/2022\/SICOM.<\/p>\n\n\n\n<p>&nbsp;<\/p>\n\n\n\n<p>Finalmente, se aprob\u00f3 el t\u00e9rmino de la suspensi\u00f3n de plazos legales para la sustanciaci\u00f3n en los procedimientos para la tramitaci\u00f3n de solicitudes de acceso a la informaci\u00f3n y\/o protecci\u00f3n de datos personales, recursos de revisi\u00f3n, quejas y denuncias, as\u00ed como la publicaci\u00f3n y\/o actualizaci\u00f3n de las obligaciones de transparencia y la solventaci\u00f3n de las mismas para los Servicios de Salud de Oaxaca. Tambi\u00e9n se aprob\u00f3 el inicio de la suspensi\u00f3n de plazos para el&nbsp;Instituto Estatal de Educaci\u00f3n P\u00fablica de Oaxaca, en los mismos procesos antes mencionados.<\/p>\n","protected":false},"excerpt":{"rendered":"<p>&nbsp; Oaxaca de Ju\u00e1rez, Oaxaca, a 23 de marzo de 2023.- El Consejo General del&#8230;<\/p>\n","protected":false},"author":4,"featured_media":0,"comment_status":"open","ping_status":"open","sticky":false,"template":"","format":"standard","meta":{"footnotes":""},"categories":[9],"tags":[],"jetpack_sharing_enabled":true,"featured_image_urls":{"full":"","thumbnail":"","medium":"","medium_large":"","large":"","1536x1536":"","2048x2048":"","covernews-slider-full":"","covernews-slider-center":"","covernews-featured":"","covernews-medium":"","covernews-medium-square":""},"author_info":{"display_name":"Mario Gir\u00f3n","author_link":"https:\/\/contextoanalisisperiodistico.com\/index.php\/author\/director\/"},"category_info":"<a href=\"https:\/\/contextoanalisisperiodistico.com\/index.php\/category\/politica\/\" rel=\"category tag\">Pol\u00edtica<\/a>","tag_info":"Pol\u00edtica","comment_count":"0","jetpack_featured_media_url":"","_links":{"self":[{"href":"https:\/\/contextoanalisisperiodistico.com\/index.php\/wp-json\/wp\/v2\/posts\/10969"}],"collection":[{"href":"https:\/\/contextoanalisisperiodistico.com\/index.php\/wp-json\/wp\/v2\/posts"}],"about":[{"href":"https:\/\/contextoanalisisperiodistico.com\/index.php\/wp-json\/wp\/v2\/types\/post"}],"author":[{"embeddable":true,"href":"https:\/\/contextoanalisisperiodistico.com\/index.php\/wp-json\/wp\/v2\/users\/4"}],"replies":[{"embeddable":true,"href":"https:\/\/contextoanalisisperiodistico.com\/index.php\/wp-json\/wp\/v2\/comments?post=10969"}],"version-history":[{"count":0,"href":"https:\/\/contextoanalisisperiodistico.com\/index.php\/wp-json\/wp\/v2\/posts\/10969\/revisions"}],"wp:attachment":[{"href":"https:\/\/contextoanalisisperiodistico.com\/index.php\/wp-json\/wp\/v2\/media?parent=10969"}],"wp:term":[{"taxonomy":"category","embeddable":true,"href":"https:\/\/contextoanalisisperiodistico.com\/index.php\/wp-json\/wp\/v2\/categories?post=10969"},{"taxonomy":"post_tag","embeddable":true,"href":"https:\/\/contextoanalisisperiodistico.com\/index.php\/wp-json\/wp\/v2\/tags?post=10969"}],"curies":[{"name":"wp","href":"https:\/\/api.w.org\/{rel}","templated":true}]}}