{"id":10962,"date":"2023-03-26T10:49:56","date_gmt":"2023-03-26T16:49:56","guid":{"rendered":"https:\/\/contextoanalisisperiodistico.com\/?p=10962"},"modified":"2023-03-26T10:50:03","modified_gmt":"2023-03-26T16:50:03","slug":"vamos-a-sacar-a-oaxaca-de-la-pobreza-y-la-marginacion-gobernador-salomon-jara","status":"publish","type":"post","link":"https:\/\/contextoanalisisperiodistico.com\/index.php\/2023\/03\/26\/vamos-a-sacar-a-oaxaca-de-la-pobreza-y-la-marginacion-gobernador-salomon-jara\/","title":{"rendered":"Vamos a sacar a Oaxaca de la pobreza y la marginaci\u00f3n: Gobernador Salom\u00f3n Jara"},"content":{"rendered":"<div id=\"fb-root\"><\/div>\n\n<ul>\n<li>El Mandatario encabez\u00f3 el Encuentro con Presidentes Municipales del Distrito de Tlacolula para escuchar y atender las necesidades de 23 de 26 ediles que acudieron, y a tres m\u00e1s de otros distritos<\/li>\n\n\n\n<li>Se atender\u00e1 el saneamiento de los r\u00edos contaminados; se garantizar\u00e1 el suministro de medicinas en las cl\u00ednicas y centros de salud de todo el estado y se reactivar\u00e1 la infraestructura hospitalaria abandonada<\/li>\n<\/ul>\n\n\n\n<p>Tlacolula de Matamoros, Oax. 26 de marzo de 2023.- El Gobernador Salom\u00f3n Jara Cruz se\u00f1al\u00f3 que el principal objetivo de su mandato es sacar a Oaxaca de la pobreza, la marginaci\u00f3n y del abandono en que lo han tenido durante muchos a\u00f1os los malos gobiernos.<\/p>\n\n\n\n<p>Al encabezar el Encuentro con Presidentes Municipales del Distrito de Tlacolula, al que acudieron 23 de 26 ediles, y tres presidentes m\u00e1s de otros distritos, el Mandatario destac\u00f3 que se atender\u00e1 la principal de las peticiones de las autoridades municipales: el mejoramiento de los caminos y carreteras de la zona que fueron abandonados durante muchos a\u00f1os, para lo cual la Legislatura Local aprob\u00f3 un presupuesto de mil millones de pesos.<\/p>\n\n\n\n<p><br>Explic\u00f3 que se atender\u00e1 el saneamiento de los r\u00edos contaminados y se tomar\u00e1n medidas para trabajar a favor del medio ambiente a la par de las acciones de reforestaci\u00f3n con una inversi\u00f3n de mil 200 millones de pesos aprobados por el Congreso para reforestar 33 mil hect\u00e1reas cada a\u00f1o y sumar 200 mil hect\u00e1reas en los seis a\u00f1os de su gobierno.<\/p>\n\n\n\n<p>Dijo que se sanear\u00e1 el R\u00edo Salado y se cuidar\u00e1 el medio ambiente, los bosques y suelos porque existe mucha preocupaci\u00f3n pues para el a\u00f1o 2030 la temperatura podr\u00eda aumentar 2.5 grados y esto traer\u00eda consecuencias muy graves, como el aumento del nivel de los oc\u00e9anos que inundar\u00eda muchas islas y costas, un mayor calentamiento de los mares y en consecuencia m\u00e1s huracanes.<\/p>\n\n\n\n<p>Indic\u00f3 tambi\u00e9n que las y los diputados apoyaron a Oaxaca con recursos destinados a la producci\u00f3n de ma\u00edz y hortalizas, y que se ayudar\u00e1 a productores de ajo que enfrentan la plaga de la roya en los municipios del Distrito de Tlacolula.<\/p>\n\n\n\n<p>Jara Cruz dijo que se garantizar\u00e1 el suministro de medicinas en las cl\u00ednicas y centros de salud, se cubrir\u00e1n las plazas necesarias de m\u00e9dicos y enfermeras en las cl\u00ednicas de los municipios de las ocho regiones y se buscar\u00e1 reactivar la infraestructura hospitalaria abandonada, alrededor de 40 hospitales y cl\u00ednicas que no fueron terminadas en gobiernos anteriores.<\/p>\n\n\n\n<p>Acompa\u00f1ado de titulares de secretar\u00edas y organismos del Gabinete social, de educaci\u00f3n y de infraestructura, el Mandatario recalc\u00f3 que \u201cOaxaca no merece estar en los \u00faltimos lugares en educaci\u00f3n, en los \u00faltimos lugares en salud, en los \u00faltimos lugares en todo. Nosotros no merecemos eso\u201d.<\/p>\n\n\n\n<p>Luego de escuchar a las y los ediles que plantearon sus necesidades en materia de caminos, medicinas, cl\u00ednicas, apoyos para el campo, agua potable, escuelas, temas de infraestructura y de seguridad, se\u00f1al\u00f3 que se realizar\u00e1n 25 reuniones distritales y posteriormente visitar\u00e1 todos los municipios de Oaxaca para atender las necesidades de las autoridades y de las agencias.<\/p>\n\n\n\n<p><br>Expuso que el Plan Estatal de Desarrollo (PED) enfocar\u00e1 los recursos a los indicadores que eval\u00faa el Consejo Nacional de Evaluaci\u00f3n de la Pol\u00edtica de Desarrollo Social sobre vivienda, alimentaci\u00f3n, educaci\u00f3n, salud, servicios b\u00e1sicos y seguridad social.<\/p>\n\n\n\n<p><br>\u201cLo tenemos todo para salir adelante, hombres y mujeres trabajadoras. Nuestros paisanos y paisanas que viven en Estados Unidos nos mandan m\u00e1s de 50 mil millones de pesos en remesas para nuestras familias, para los hogares, hasta para dar tequio o cooperaci\u00f3n para las fiestas. Nuestros hermanos y hermanas en Estados Unidos son h\u00e9roes y hero\u00ednas\u201d, destac\u00f3.<\/p>\n\n\n\n<p><br>Oaxaca tiene innumerables recursos naturales y tenemos bosques, m\u00e1s de 560 kil\u00f3metros de litorales, \u201c\u00bfsi lo tenemos todo qu\u00e9 nos faltaba para salir adelante? Nos faltaba tener un buen gobierno y eso es lo que quiero ofrecer a todas y a todos ustedes: trabajar, dedicarle mucho tiempo a Oaxaca. Yo estoy en Palacio desde las 5 de la ma\u00f1ana hasta las 11 o 12 de la noche\u201d.<\/p>\n\n\n\n<p><br>Nativo de San Melchor Betaza, hablante de zapoteco de la Sierra Ju\u00e1rez, el Gobernador record\u00f3 cuando de ni\u00f1o su padre lo llevaba a comer a Tlacolula un tasajito o unas tripas, de c\u00f3mo su abuelo llev\u00f3 a su padre a vivir un tiempo a ese municipio, centro del comercio y la econom\u00eda del Distrito.<\/p>\n\n\n\n<p><br>Jara Cruz asegur\u00f3 que \u201ccuando terminemos, me voy a ir a mi pueblo. Yo ya di cinco servicios comunales, s\u00e9 lo que es el servicio y despu\u00e9s de que termine de dar los cinco servicios que me faltan y si el pueblo me da su confianza, puedo ser presidente municipal en mi comunidad\u201d, porque -dijo- no se ir\u00e1 a Atlacomulco ni a Miami, \u201csomos humildes, conocemos nuestros pueblos\u201d.<\/p>\n\n\n\n<figure class=\"wp-block-image size-large\"><img decoding=\"async\" src=\"https:\/\/contextoanalisisperiodistico.com\/wp-content\/uploads\/2023\/03\/img-20230326-wa00063722048313097154663-1024x682.jpg\" alt=\"\" class=\"wp-image-10965\"\/><\/figure>\n\n\n\n<figure class=\"wp-block-image\"><img decoding=\"async\" src=\"https:\/\/contextoanalisisperiodistico.com\/wp-content\/uploads\/2023\/03\/img-20230326-wa00077867323451012018760-1024x682.jpg\" alt=\"\" class=\"wp-image-10966\"\/><\/figure>\n\n\n\n<figure class=\"wp-block-image\"><img decoding=\"async\" src=\"https:\/\/contextoanalisisperiodistico.com\/wp-content\/uploads\/2023\/03\/img-20230326-wa0005535018910948317249-1024x682.jpg\" alt=\"\" class=\"wp-image-10964\"\/><\/figure>\n","protected":false},"excerpt":{"rendered":"<p>Tlacolula de Matamoros, Oax. 26 de marzo de 2023.- El Gobernador Salom\u00f3n Jara Cruz se\u00f1al\u00f3&#8230;<\/p>\n","protected":false},"author":4,"featured_media":0,"comment_status":"open","ping_status":"open","sticky":false,"template":"","format":"standard","meta":{"footnotes":""},"categories":[9],"tags":[],"jetpack_sharing_enabled":true,"featured_image_urls":{"full":"","thumbnail":"","medium":"","medium_large":"","large":"","1536x1536":"","2048x2048":"","covernews-slider-full":"","covernews-slider-center":"","covernews-featured":"","covernews-medium":"","covernews-medium-square":""},"author_info":{"display_name":"Mario Gir\u00f3n","author_link":"https:\/\/contextoanalisisperiodistico.com\/index.php\/author\/director\/"},"category_info":"<a href=\"https:\/\/contextoanalisisperiodistico.com\/index.php\/category\/politica\/\" rel=\"category tag\">Pol\u00edtica<\/a>","tag_info":"Pol\u00edtica","comment_count":"0","jetpack_featured_media_url":"","_links":{"self":[{"href":"https:\/\/contextoanalisisperiodistico.com\/index.php\/wp-json\/wp\/v2\/posts\/10962"}],"collection":[{"href":"https:\/\/contextoanalisisperiodistico.com\/index.php\/wp-json\/wp\/v2\/posts"}],"about":[{"href":"https:\/\/contextoanalisisperiodistico.com\/index.php\/wp-json\/wp\/v2\/types\/post"}],"author":[{"embeddable":true,"href":"https:\/\/contextoanalisisperiodistico.com\/index.php\/wp-json\/wp\/v2\/users\/4"}],"replies":[{"embeddable":true,"href":"https:\/\/contextoanalisisperiodistico.com\/index.php\/wp-json\/wp\/v2\/comments?post=10962"}],"version-history":[{"count":1,"href":"https:\/\/contextoanalisisperiodistico.com\/index.php\/wp-json\/wp\/v2\/posts\/10962\/revisions"}],"predecessor-version":[{"id":10967,"href":"https:\/\/contextoanalisisperiodistico.com\/index.php\/wp-json\/wp\/v2\/posts\/10962\/revisions\/10967"}],"wp:attachment":[{"href":"https:\/\/contextoanalisisperiodistico.com\/index.php\/wp-json\/wp\/v2\/media?parent=10962"}],"wp:term":[{"taxonomy":"category","embeddable":true,"href":"https:\/\/contextoanalisisperiodistico.com\/index.php\/wp-json\/wp\/v2\/categories?post=10962"},{"taxonomy":"post_tag","embeddable":true,"href":"https:\/\/contextoanalisisperiodistico.com\/index.php\/wp-json\/wp\/v2\/tags?post=10962"}],"curies":[{"name":"wp","href":"https:\/\/api.w.org\/{rel}","templated":true}]}}