{"id":10956,"date":"2023-03-25T20:16:22","date_gmt":"2023-03-26T02:16:22","guid":{"rendered":"https:\/\/contextoanalisisperiodistico.com\/?p=10956"},"modified":"2023-03-25T20:16:27","modified_gmt":"2023-03-26T02:16:27","slug":"recorrer-los-municipios-es-instruccion-de-trabajo-del-gobernador-salomon-jara-antonino-morales","status":"publish","type":"post","link":"https:\/\/contextoanalisisperiodistico.com\/index.php\/2023\/03\/25\/recorrer-los-municipios-es-instruccion-de-trabajo-del-gobernador-salomon-jara-antonino-morales\/","title":{"rendered":"Recorrer los municipios es instrucci\u00f3n de trabajo del gobernador Salom\u00f3n Jara: Antonino Morales"},"content":{"rendered":"<div id=\"fb-root\"><\/div>\n\n<ul>\n<li>El Secretario de Administraci\u00f3n asegur\u00f3 que las personas servidoras p\u00fablicas deben estar cercanas a la gente, escuchar y atender las demandas<\/li>\n<\/ul>\n\n\n\n<p>San Lucas Ojitl\u00e1n, Oax.- Antonino Morales Toledo, secretario de Administraci\u00f3n del Gobierno del Estado, sostuvo que a cien d\u00edas de la llegada de la Primera Oaxaque\u00f1a, los resultados son palpables toda vez que se hace un gobierno cercano a la gente, honesto y transparente.<\/p>\n\n\n\n<p>En su visita a la Cuenca del Papaloap\u00e1n, atendiendo la instrucci\u00f3n del gobernador Salom\u00f3n Jara Cruz de hacer un gobierno de territorio y no de escritorio, el responsable de la pol\u00edtica administrativa estatal, dijo que el gobierno de la transformaci\u00f3n le apuesta a un cambio verdadero para Oaxaca, y por lo que pidi\u00f3 a la ciudadan\u00eda tener paciencia y confianza pues, \u00ablas cosas van a cambiar\u00bb.<\/p>\n\n\n\n<p>Subray\u00f3 que visitar los municipios del estado, es una instrucci\u00f3n del gobernador, para estar cercanos a la gente, escuchar demandas, necesidades y canalizarlas.<\/p>\n\n\n\n<p>Como funcionarios, afirm\u00f3 Antonino Morales, estamos a la orden de la ciudadan\u00eda y como nos lo instruy\u00f3 el gobernador Salom\u00f3n Jara Cruz, lo estamos cumpliendo para construir juntos un mejor Oaxaca.<\/p>\n\n\n\n<p>Y es que, indic\u00f3 que nada se construye de la noche a la ma\u00f1ana, pues todo requiere de tiempo y dedicaci\u00f3n y que este esfuerzo, asever\u00f3 el secretario de Administraci\u00f3n, lo encabeza con gran liderazgo en el estado, el gobernador Salom\u00f3n Jara Cruz, y a nivel nacional el presidente Andr\u00e9s Manuel L\u00f3pez Obrador.<\/p>\n\n\n\n<p>\u00abNo les vamos a fallar, le va ir muy bien a Oaxaca, le est\u00e1 yendo muy bien a Oaxaca, estamos barriendo todas las oficinas como ya lo dijo el gobernador en campa\u00f1a, lo estamos haciendo para construir el Oaxaca que todos queremos\u00bb,enfatiz\u00f3.<\/p>\n\n\n\n<p>Morales Toledo tambi\u00e9n habl\u00f3 acerca de la reingenier\u00eda administrativa que se hace desde la Secretar\u00eda de Administraci\u00f3n, en donde en tan solo los primeros tres meses de gobierno, se lograron ahorros en comparaci\u00f3n con el a\u00f1o pasado, por el orden de los 208 millones de pesos.<\/p>\n\n\n\n<p>Expuso que los ahorros son sustanciales y como fue la instrucci\u00f3n del mandatario estatal, Salom\u00f3n Jara Cruz, se destinar\u00e1n al desarrollo social de los pueblos y comunidades de Oaxaca, que fueron abandonados por gobiernos pasados.<\/p>\n\n\n\n<p>El secretario de Administraci\u00f3n, agradeci\u00f3 la invitaci\u00f3n que le hicieron los presidentes municipales de. San Lucas Ojitl\u00e1n, San Felipe Usila, Jalapa de D\u00edaz y Loma Bonita, para acudir a sus municipios y dialogar acerca de los 100 d\u00edas de gobierno y los resultados ben\u00e9ficos para seguir en la ruta de la transformaci\u00f3n del estado.<\/p>\n\n\n\n<figure class=\"wp-block-image size-large\"><img decoding=\"async\" src=\"https:\/\/contextoanalisisperiodistico.com\/wp-content\/uploads\/2023\/03\/img-20230325-wa00887118709822756808396.jpg\" alt=\"\" class=\"wp-image-10959\"\/><\/figure>\n\n\n\n<figure class=\"wp-block-image\"><img decoding=\"async\" src=\"https:\/\/contextoanalisisperiodistico.com\/wp-content\/uploads\/2023\/03\/img-20230325-wa00891029854411089524216-300x200.jpg\" alt=\"\" class=\"wp-image-10960\"\/><\/figure>\n","protected":false},"excerpt":{"rendered":"<p>San Lucas Ojitl\u00e1n, Oax.- Antonino Morales Toledo, secretario de Administraci\u00f3n del Gobierno del Estado, sostuvo&#8230;<\/p>\n","protected":false},"author":4,"featured_media":0,"comment_status":"open","ping_status":"open","sticky":false,"template":"","format":"standard","meta":{"footnotes":""},"categories":[9],"tags":[],"jetpack_sharing_enabled":true,"featured_image_urls":{"full":"","thumbnail":"","medium":"","medium_large":"","large":"","1536x1536":"","2048x2048":"","covernews-slider-full":"","covernews-slider-center":"","covernews-featured":"","covernews-medium":"","covernews-medium-square":""},"author_info":{"display_name":"Mario Gir\u00f3n","author_link":"https:\/\/contextoanalisisperiodistico.com\/index.php\/author\/director\/"},"category_info":"<a href=\"https:\/\/contextoanalisisperiodistico.com\/index.php\/category\/politica\/\" rel=\"category tag\">Pol\u00edtica<\/a>","tag_info":"Pol\u00edtica","comment_count":"0","jetpack_featured_media_url":"","_links":{"self":[{"href":"https:\/\/contextoanalisisperiodistico.com\/index.php\/wp-json\/wp\/v2\/posts\/10956"}],"collection":[{"href":"https:\/\/contextoanalisisperiodistico.com\/index.php\/wp-json\/wp\/v2\/posts"}],"about":[{"href":"https:\/\/contextoanalisisperiodistico.com\/index.php\/wp-json\/wp\/v2\/types\/post"}],"author":[{"embeddable":true,"href":"https:\/\/contextoanalisisperiodistico.com\/index.php\/wp-json\/wp\/v2\/users\/4"}],"replies":[{"embeddable":true,"href":"https:\/\/contextoanalisisperiodistico.com\/index.php\/wp-json\/wp\/v2\/comments?post=10956"}],"version-history":[{"count":2,"href":"https:\/\/contextoanalisisperiodistico.com\/index.php\/wp-json\/wp\/v2\/posts\/10956\/revisions"}],"predecessor-version":[{"id":10961,"href":"https:\/\/contextoanalisisperiodistico.com\/index.php\/wp-json\/wp\/v2\/posts\/10956\/revisions\/10961"}],"wp:attachment":[{"href":"https:\/\/contextoanalisisperiodistico.com\/index.php\/wp-json\/wp\/v2\/media?parent=10956"}],"wp:term":[{"taxonomy":"category","embeddable":true,"href":"https:\/\/contextoanalisisperiodistico.com\/index.php\/wp-json\/wp\/v2\/categories?post=10956"},{"taxonomy":"post_tag","embeddable":true,"href":"https:\/\/contextoanalisisperiodistico.com\/index.php\/wp-json\/wp\/v2\/tags?post=10956"}],"curies":[{"name":"wp","href":"https:\/\/api.w.org\/{rel}","templated":true}]}}