{"id":10949,"date":"2023-03-25T19:51:15","date_gmt":"2023-03-26T01:51:15","guid":{"rendered":"https:\/\/contextoanalisisperiodistico.com\/?p=10949"},"modified":"2023-03-25T19:51:20","modified_gmt":"2023-03-26T01:51:20","slug":"a-participar-en-la-defensa-de-la-democracia-y-del-pais-convoca-perla-woolrich-a-la-juventud","status":"publish","type":"post","link":"https:\/\/contextoanalisisperiodistico.com\/index.php\/2023\/03\/25\/a-participar-en-la-defensa-de-la-democracia-y-del-pais-convoca-perla-woolrich-a-la-juventud\/","title":{"rendered":"A participar en la defensa de la democracia y del pa\u00eds,  convoca Perla Woolrich a la juventud"},"content":{"rendered":"<div id=\"fb-root\"><\/div>\n\n<p>*Se congratula por la suspensi\u00f3n del Plan B de la Reforma Electoral<\/p>\n\n\n\n<p>La Presidenta de Acci\u00f3n Nacional en el estado de Oaxaca, Perla Woorlich Fern\u00e1ndez convoc\u00f3 a la juventud a tomar decisiones y participar en la defensa de la democracia, de los derechos de todos y del pa\u00eds, luego de congratularse por la decisi\u00f3n de la Suprema Corte de Justicia de la Naci\u00f3n (SCJN) al suspender por tiempo indefinido el \u201cPlan B\u201d en materia electoral.<\/p>\n\n\n\n<p>Luego de hacer entrega de premios a j\u00f3venes que participaron en un concurso de oratoria, expres\u00f3 su orgullo porque la marcha ciudadana que se realiz\u00f3 en defensa de la democracia y del INE dio frutos y se ha cancelado por el momento la intenci\u00f3n de desaparecer al Instituto Nacional Electoral.<\/p>\n\n\n\n<p>Destac\u00f3 que en la pasada marcha ciudadana, \u201cno hubo acarreados, todos fuimos convencidos de que es momento de defender al pa\u00eds y a los derechos de todos y todas a una vida con libertad\u201d.<\/p>\n\n\n\n<p>Destac\u00f3 que la juventud tiene en sus manos los cambios que se requieren, \u201cantes luchamos por la igualdad, despu\u00e9s la paridad y ahora que todas las mujeres de la comunidades ind\u00edgenas puedan participar y ser electas en cargos municipales\u201d.<\/p>\n\n\n\n<p>Dijo que el a\u00f1o pasado se les neg\u00f3 la participaci\u00f3n por decisi\u00f3n de la mayor\u00eda morenista pero ahora en 2024 esta posibilidad se lograr\u00e1 luego de que el Poder Judicial Federal nuevamente rectific\u00f3 y prioriz\u00f3 los derechos de las mujeres.<\/p>\n\n\n\n<p>Ahora, agreg\u00f3, les toca a ustedes j\u00f3venes luchar para lograr que haya menos gente ignorante, menos gente pobre y que haya mejor\u00eda en salud, menos corrupci\u00f3n, m\u00e1s libertad, porque tenemos derecho a todo.<\/p>\n\n\n\n<p>Los j\u00f3venes concursantes disertaron temas como la desnutrici\u00f3n y obesidad; los micromachismos; la democracia sin mujeres; la participaci\u00f3n de las mujeres en la vida pol\u00edtica; el humanismo en un mundo globalizado; redes sociales informan o desinforman; la participaci\u00f3n ciudadana en el \u00e1mbito social y la educaci\u00f3n como factor de cambio.<\/p>\n\n\n\n<p>El concurso de oratoria fue organizado por las y los integrantes de la secretar\u00eda de Acci\u00f3n Juvenil del CDE del PAN.<\/p>\n\n\n\n<p>En ese marco, el ganador del tercer lugar fue Pablo Daniel Bautista Mojaraz de la UABJO; segundo lugar Feliz Manuel Cruz Ru\u00edz del nivel preparatoria del Tecnol\u00f3gico de Monterrey y Ricardo Jair Silva Gonz\u00e1lez, primer lugar de la Benem\u00e9rita Universidad de Oaxaca.<\/p>\n\n\n\n<figure class=\"wp-block-image size-large\"><img decoding=\"async\" src=\"https:\/\/contextoanalisisperiodistico.com\/wp-content\/uploads\/2023\/03\/img-20230325-wa00783144972571507802088.jpg\" alt=\"\" class=\"wp-image-10952\"\/><\/figure>\n\n\n\n<figure class=\"wp-block-image\"><img decoding=\"async\" src=\"https:\/\/contextoanalisisperiodistico.com\/wp-content\/uploads\/2023\/03\/img-20230325-wa00737123464383215594553-225x300.jpg\" alt=\"\" class=\"wp-image-10951\"\/><\/figure>\n\n\n\n<figure class=\"wp-block-image\"><img decoding=\"async\" src=\"https:\/\/contextoanalisisperiodistico.com\/wp-content\/uploads\/2023\/03\/img-20230325-wa00751139325589384286409-225x300.jpg\" alt=\"\" class=\"wp-image-10954\"\/><\/figure>\n\n\n\n<figure class=\"wp-block-image\"><img decoding=\"async\" src=\"https:\/\/contextoanalisisperiodistico.com\/wp-content\/uploads\/2023\/03\/img-20230325-wa00762814998222023569239-225x300.jpg\" alt=\"\" class=\"wp-image-10953\"\/><\/figure>\n","protected":false},"excerpt":{"rendered":"<p>*Se congratula por la suspensi\u00f3n del Plan B de la Reforma Electoral La Presidenta de&#8230;<\/p>\n","protected":false},"author":4,"featured_media":0,"comment_status":"open","ping_status":"open","sticky":false,"template":"","format":"standard","meta":{"footnotes":""},"categories":[9],"tags":[],"jetpack_sharing_enabled":true,"featured_image_urls":{"full":"","thumbnail":"","medium":"","medium_large":"","large":"","1536x1536":"","2048x2048":"","covernews-slider-full":"","covernews-slider-center":"","covernews-featured":"","covernews-medium":"","covernews-medium-square":""},"author_info":{"display_name":"Mario Gir\u00f3n","author_link":"https:\/\/contextoanalisisperiodistico.com\/index.php\/author\/director\/"},"category_info":"<a href=\"https:\/\/contextoanalisisperiodistico.com\/index.php\/category\/politica\/\" rel=\"category tag\">Pol\u00edtica<\/a>","tag_info":"Pol\u00edtica","comment_count":"0","jetpack_featured_media_url":"","_links":{"self":[{"href":"https:\/\/contextoanalisisperiodistico.com\/index.php\/wp-json\/wp\/v2\/posts\/10949"}],"collection":[{"href":"https:\/\/contextoanalisisperiodistico.com\/index.php\/wp-json\/wp\/v2\/posts"}],"about":[{"href":"https:\/\/contextoanalisisperiodistico.com\/index.php\/wp-json\/wp\/v2\/types\/post"}],"author":[{"embeddable":true,"href":"https:\/\/contextoanalisisperiodistico.com\/index.php\/wp-json\/wp\/v2\/users\/4"}],"replies":[{"embeddable":true,"href":"https:\/\/contextoanalisisperiodistico.com\/index.php\/wp-json\/wp\/v2\/comments?post=10949"}],"version-history":[{"count":1,"href":"https:\/\/contextoanalisisperiodistico.com\/index.php\/wp-json\/wp\/v2\/posts\/10949\/revisions"}],"predecessor-version":[{"id":10955,"href":"https:\/\/contextoanalisisperiodistico.com\/index.php\/wp-json\/wp\/v2\/posts\/10949\/revisions\/10955"}],"wp:attachment":[{"href":"https:\/\/contextoanalisisperiodistico.com\/index.php\/wp-json\/wp\/v2\/media?parent=10949"}],"wp:term":[{"taxonomy":"category","embeddable":true,"href":"https:\/\/contextoanalisisperiodistico.com\/index.php\/wp-json\/wp\/v2\/categories?post=10949"},{"taxonomy":"post_tag","embeddable":true,"href":"https:\/\/contextoanalisisperiodistico.com\/index.php\/wp-json\/wp\/v2\/tags?post=10949"}],"curies":[{"name":"wp","href":"https:\/\/api.w.org\/{rel}","templated":true}]}}