{"id":10922,"date":"2023-03-25T11:06:03","date_gmt":"2023-03-25T17:06:03","guid":{"rendered":"https:\/\/contextoanalisisperiodistico.com\/?p=10922"},"modified":"2023-03-25T11:06:09","modified_gmt":"2023-03-25T17:06:09","slug":"oaxaca-mostrara-su-riqueza-en-el-tianguis-turistico-mexico-2023-en-la-cdmx","status":"publish","type":"post","link":"https:\/\/contextoanalisisperiodistico.com\/index.php\/2023\/03\/25\/oaxaca-mostrara-su-riqueza-en-el-tianguis-turistico-mexico-2023-en-la-cdmx\/","title":{"rendered":"Oaxaca mostrar\u00e1 su riqueza en el Tianguis Tur\u00edstico M\u00e9xico 2023 en la CDMX"},"content":{"rendered":"<div id=\"fb-root\"><\/div>\n\n<p>\u2022 Del 26 al 29 de marzo la Secretar\u00eda de Turismo de Oaxaca llevar\u00e1 a cabo acciones de promoci\u00f3n de los atractivos tur\u00edsticos de la entidad<\/p>\n\n\n\n<p>\u2022 Personas prestadoras de servicios tur\u00edsticos, autoridades municipales, artesanos, artesanas, mezcaleros y cocineras tradicionales promover\u00e1n todos sus productos tur\u00edsticos, as\u00ed como el acervo hist\u00f3rico y cultural<\/p>\n\n\n\n<p>Oaxaca de Ju\u00e1rez, Oax. 25 de marzo del 2023.- La riqueza cultural, gastron\u00f3mica y art\u00edstica de Oaxaca ser\u00e1 llevada al Tianguis Tur\u00edstico M\u00e9xico 2023 que se realizar\u00e1 en la Ciudad de M\u00e9xico del 26 al 29 de marzo.<\/p>\n\n\n\n<p>En la edici\u00f3n 47 del encuentro de negocios m\u00e1s importante del sector tur\u00edstico en el pa\u00eds, y que busca posicionar a los principales destinos de M\u00e9xico entre los favoritos a nivel internacional, el Gobierno de Oaxaca a trav\u00e9s de la Secretar\u00eda de Turismo (Sectur) promocionar\u00e1 los atractivos de las ocho regiones de la entidad, as\u00ed como de sus Pueblos M\u00e1gicos y Rutas Tur\u00edsticas.<\/p>\n\n\n\n<p>La secretaria de Turismo, Saymi Pineda Velasco, destac\u00f3 que por encomienda del Gobernador Salom\u00f3n Jara Cruz se emplear\u00e1 una estrategia integral de promoci\u00f3n para lograr una destacada participaci\u00f3n de Oaxaca; as\u00ed tambi\u00e9n crear y fortalecer alianzas con tour operadores y agencias mayoristas.<\/p>\n\n\n\n<p>En el Centro Citibanamex de la Ciudad de M\u00e9xico, se reunir\u00e1n los 32 estados del pa\u00eds, m\u00e1s de 600 empresas expositoras como hoteles, aerol\u00edneas, agencias tur\u00edsticas, recintos feriales y otros; m\u00e1s de 700 empresas compradoras como tour operadores, mayoristas, agencias de viajes, asociaciones tur\u00edsticas, y dem\u00e1s; y visitantes de todo el mundo.<\/p>\n\n\n\n<p>La titular de la Sectur Oaxaca dijo que durante el Tianguis Tur\u00edstico M\u00e9xico 2023 se trabajar\u00e1 de manera coordinada con prestadores y prestadoras de servicios tur\u00edsticos, autoridades municipales, artesanos, artesanas, mezcaleros y cocineras tradicionales para promover todos los productos tur\u00edsticos, el acervo hist\u00f3rico y cultural, con la finalidad de consolidar a Oaxaca como un destino de excelencia a nivel nacional e internacional.<\/p>\n\n\n\n<p>Detall\u00f3 que el estado tendr\u00e1 un stand con 20 suites con un \u00e1rea de 360 metros cuadrados, por lo que ser\u00e1 el pabell\u00f3n m\u00e1s grande y completo que Oaxaca haya tenido, con 55 chatbots para las y los prestadores de servicios tur\u00edsticos; y por primera vez, con barras de atenci\u00f3n para los Pueblos M\u00e1gicos, Rutas Tur\u00edsticas, \u00e1reas naturales protegidas y segmentos especializados.<\/p>\n\n\n\n<p>El stand tambi\u00e9n contar\u00e1 con \u00e1reas destinadas a la muestra de las expresiones culturales y gastron\u00f3micas que distinguen a Oaxaca.<\/p>\n\n\n\n<p>Con la participaci\u00f3n de la entidad en el Tianguis Tur\u00edstico se cumple parte del eje de gobierno, Desarrollo Integral y Sustentable de las ocho regiones de Oaxaca,<\/p>\n\n\n\n<figure class=\"wp-block-image size-large\"><img decoding=\"async\" src=\"https:\/\/contextoanalisisperiodistico.com\/wp-content\/uploads\/2023\/03\/img-20230325-wa00213413305864764771714-1024x682.jpg\" alt=\"\" class=\"wp-image-10924\"\/><\/figure>\n","protected":false},"excerpt":{"rendered":"<p>\u2022 Del 26 al 29 de marzo la Secretar\u00eda de Turismo de Oaxaca llevar\u00e1 a&#8230;<\/p>\n","protected":false},"author":4,"featured_media":0,"comment_status":"open","ping_status":"open","sticky":false,"template":"","format":"standard","meta":{"footnotes":""},"categories":[7],"tags":[],"jetpack_sharing_enabled":true,"featured_image_urls":{"full":"","thumbnail":"","medium":"","medium_large":"","large":"","1536x1536":"","2048x2048":"","covernews-slider-full":"","covernews-slider-center":"","covernews-featured":"","covernews-medium":"","covernews-medium-square":""},"author_info":{"display_name":"Mario Gir\u00f3n","author_link":"https:\/\/contextoanalisisperiodistico.com\/index.php\/author\/director\/"},"category_info":"<a href=\"https:\/\/contextoanalisisperiodistico.com\/index.php\/category\/municipios\/\" rel=\"category tag\">Municipios<\/a>","tag_info":"Municipios","comment_count":"0","jetpack_featured_media_url":"","_links":{"self":[{"href":"https:\/\/contextoanalisisperiodistico.com\/index.php\/wp-json\/wp\/v2\/posts\/10922"}],"collection":[{"href":"https:\/\/contextoanalisisperiodistico.com\/index.php\/wp-json\/wp\/v2\/posts"}],"about":[{"href":"https:\/\/contextoanalisisperiodistico.com\/index.php\/wp-json\/wp\/v2\/types\/post"}],"author":[{"embeddable":true,"href":"https:\/\/contextoanalisisperiodistico.com\/index.php\/wp-json\/wp\/v2\/users\/4"}],"replies":[{"embeddable":true,"href":"https:\/\/contextoanalisisperiodistico.com\/index.php\/wp-json\/wp\/v2\/comments?post=10922"}],"version-history":[{"count":1,"href":"https:\/\/contextoanalisisperiodistico.com\/index.php\/wp-json\/wp\/v2\/posts\/10922\/revisions"}],"predecessor-version":[{"id":10925,"href":"https:\/\/contextoanalisisperiodistico.com\/index.php\/wp-json\/wp\/v2\/posts\/10922\/revisions\/10925"}],"wp:attachment":[{"href":"https:\/\/contextoanalisisperiodistico.com\/index.php\/wp-json\/wp\/v2\/media?parent=10922"}],"wp:term":[{"taxonomy":"category","embeddable":true,"href":"https:\/\/contextoanalisisperiodistico.com\/index.php\/wp-json\/wp\/v2\/categories?post=10922"},{"taxonomy":"post_tag","embeddable":true,"href":"https:\/\/contextoanalisisperiodistico.com\/index.php\/wp-json\/wp\/v2\/tags?post=10922"}],"curies":[{"name":"wp","href":"https:\/\/api.w.org\/{rel}","templated":true}]}}