{"id":10910,"date":"2023-03-25T08:35:45","date_gmt":"2023-03-25T14:35:45","guid":{"rendered":"https:\/\/contextoanalisisperiodistico.com\/?p=10910"},"modified":"2023-03-25T08:35:58","modified_gmt":"2023-03-25T14:35:58","slug":"colaboran-ipn-ciidir-y-municipio-de-oaxaca-de-juarez-para-un-tratamiento-integral-de-residuos-solidos-urbanos","status":"publish","type":"post","link":"https:\/\/contextoanalisisperiodistico.com\/index.php\/2023\/03\/25\/colaboran-ipn-ciidir-y-municipio-de-oaxaca-de-juarez-para-un-tratamiento-integral-de-residuos-solidos-urbanos\/","title":{"rendered":"Colaboran IPN, CIIDIR y municipio de Oaxaca de Ju\u00e1rez para un tratamiento integral de Residuos S\u00f3lidos Urbanos"},"content":{"rendered":"<div id=\"fb-root\"><\/div>\n\n<p>Como parte de las acciones para buscar una soluci\u00f3n definitiva a la problem\u00e1tica de los Residuos S\u00f3lidos Urbanos, el d\u00eda de hoy se llev\u00f3 a cabo una reuni\u00f3n entre representantes del Instituto Polit\u00e9cnico Nacional (IPN), el Centro Interdisciplinario de Investigaci\u00f3n para el Desarrollo Integral Regional (CIIDIR) unidad Oaxaca y el municipio de Oaxaca de Ju\u00e1rez, para tratar asuntos relacionados con el tratamiento de los RSU.<\/p>\n\n\n\n<p>Durante su intervenci\u00f3n y acompa\u00f1ado del director General del Instituto Polit\u00e9cnico Nacional, Arturo Reyes Sandoval, el director del Centro Interdisciplinario de Investigaci\u00f3n para el Desarrollo Integral Regional (CIIDIR), Unidad Oaxaca, Salvador Isidro Belmonte Jim\u00e9nez y el director Centro de Vinculaci\u00f3n y Desarrollo Regional (CVDR) Unidad Oaxaca, Javier Francisco Sarabia Mart\u00ednez, el presidente municipal de Oaxaca de Ju\u00e1rez, Francisco Mart\u00ednez Neri, destac\u00f3 la importancia de la colaboraci\u00f3n entre las instituciones presentes en la reuni\u00f3n para llevar a cabo un proyecto integral de tratamiento de los RSU, y se\u00f1al\u00f3 su compromiso para trabajar en conjunto con el CIIDIR y el IPN en esta iniciativa.<\/p>\n\n\n\n<p>Durante la reuni\u00f3n, los investigadores del CIIDIR presentaron diferentes alternativas para el manejo de los RSU, como la separaci\u00f3n en origen, la valorizaci\u00f3n de los residuos, el compostaje y la recolecci\u00f3n selectiva.<\/p>\n\n\n\n<p>En conclusi\u00f3n, la reuni\u00f3n entre el IPN, el CIIDIR y el municipio de Oaxaca de Ju\u00e1rez fue un espacio fruct\u00edfero de intercambio de ideas y propuestas para el tratamiento de los RSU. La colaboraci\u00f3n y compromiso de todas las partes involucradas permitir\u00e1 implementar estrategias efectivas y sostenibles para el manejo de los residuos, y promover la conciencia ambiental y la participaci\u00f3n ciudadana en la b\u00fasqueda de soluciones a este importante problema.<\/p>\n\n\n\n<figure class=\"wp-block-image size-large\"><img decoding=\"async\" src=\"https:\/\/contextoanalisisperiodistico.com\/wp-content\/uploads\/2023\/03\/img-20230325-wa00052735672185080557340-1024x683.jpg\" alt=\"\" class=\"wp-image-10912\"\/><\/figure>\n\n\n\n<figure class=\"wp-block-image\"><img decoding=\"async\" src=\"https:\/\/contextoanalisisperiodistico.com\/wp-content\/uploads\/2023\/03\/img-20230325-wa00067815131792575336765-1024x683.jpg\" alt=\"\" class=\"wp-image-10913\"\/><\/figure>\n","protected":false},"excerpt":{"rendered":"<p>Como parte de las acciones para buscar una soluci\u00f3n definitiva a la problem\u00e1tica de los&#8230;<\/p>\n","protected":false},"author":4,"featured_media":0,"comment_status":"open","ping_status":"open","sticky":false,"template":"","format":"standard","meta":{"footnotes":""},"categories":[9],"tags":[],"jetpack_sharing_enabled":true,"featured_image_urls":{"full":"","thumbnail":"","medium":"","medium_large":"","large":"","1536x1536":"","2048x2048":"","covernews-slider-full":"","covernews-slider-center":"","covernews-featured":"","covernews-medium":"","covernews-medium-square":""},"author_info":{"display_name":"Mario Gir\u00f3n","author_link":"https:\/\/contextoanalisisperiodistico.com\/index.php\/author\/director\/"},"category_info":"<a href=\"https:\/\/contextoanalisisperiodistico.com\/index.php\/category\/politica\/\" rel=\"category tag\">Pol\u00edtica<\/a>","tag_info":"Pol\u00edtica","comment_count":"0","jetpack_featured_media_url":"","_links":{"self":[{"href":"https:\/\/contextoanalisisperiodistico.com\/index.php\/wp-json\/wp\/v2\/posts\/10910"}],"collection":[{"href":"https:\/\/contextoanalisisperiodistico.com\/index.php\/wp-json\/wp\/v2\/posts"}],"about":[{"href":"https:\/\/contextoanalisisperiodistico.com\/index.php\/wp-json\/wp\/v2\/types\/post"}],"author":[{"embeddable":true,"href":"https:\/\/contextoanalisisperiodistico.com\/index.php\/wp-json\/wp\/v2\/users\/4"}],"replies":[{"embeddable":true,"href":"https:\/\/contextoanalisisperiodistico.com\/index.php\/wp-json\/wp\/v2\/comments?post=10910"}],"version-history":[{"count":1,"href":"https:\/\/contextoanalisisperiodistico.com\/index.php\/wp-json\/wp\/v2\/posts\/10910\/revisions"}],"predecessor-version":[{"id":10914,"href":"https:\/\/contextoanalisisperiodistico.com\/index.php\/wp-json\/wp\/v2\/posts\/10910\/revisions\/10914"}],"wp:attachment":[{"href":"https:\/\/contextoanalisisperiodistico.com\/index.php\/wp-json\/wp\/v2\/media?parent=10910"}],"wp:term":[{"taxonomy":"category","embeddable":true,"href":"https:\/\/contextoanalisisperiodistico.com\/index.php\/wp-json\/wp\/v2\/categories?post=10910"},{"taxonomy":"post_tag","embeddable":true,"href":"https:\/\/contextoanalisisperiodistico.com\/index.php\/wp-json\/wp\/v2\/tags?post=10910"}],"curies":[{"name":"wp","href":"https:\/\/api.w.org\/{rel}","templated":true}]}}