{"id":10878,"date":"2023-03-24T19:36:24","date_gmt":"2023-03-25T01:36:24","guid":{"rendered":"https:\/\/contextoanalisisperiodistico.com\/?p=10878"},"modified":"2023-03-24T19:36:30","modified_gmt":"2023-03-25T01:36:30","slug":"detiene-sspc-en-san-miguel-soyaltepec-a-cuatro-objetivos-prioritarios","status":"publish","type":"post","link":"https:\/\/contextoanalisisperiodistico.com\/index.php\/2023\/03\/24\/detiene-sspc-en-san-miguel-soyaltepec-a-cuatro-objetivos-prioritarios\/","title":{"rendered":"Detiene SSPC en San Miguel Soyaltepec a cuatro objetivos prioritarios"},"content":{"rendered":"<div id=\"fb-root\"><\/div>\n\n<p>\u2022 Dicha acci\u00f3n operativa se llev\u00f3 a cabo gracias al trabajo coordinado con la AEI y la Semar<\/p>\n\n\n\n<p>Oaxaca de Ju\u00e1rez, Oax. 24 de marzo de 2023.- La Secretar\u00eda de Seguridad y Protecci\u00f3n Ciudadana logr\u00f3 la detenci\u00f3n de cuatro objetivos prioritarios, involucrados en el delito de homicidio calificado en el municipio de San Miguel Soyaltepec perteneciente a la regi\u00f3n del Papaloapan.<\/p>\n\n\n\n<p>La captura de las personas se logr\u00f3 gracias al trabajo coordinado con la Agencia Estatal de Investigaciones (AEI) y con la Secretar\u00eda de Marina (Semar).<\/p>\n\n\n\n<p>Esta acci\u00f3n operativa e interinstitucional se llev\u00f3 a cabo a trav\u00e9s de la implementaci\u00f3n del operativo \u00abLago Negro\u00bb, en la presa Miguel Alem\u00e1n, ubicada en la regi\u00f3n de la Cuenca del Papaloapan.<\/p>\n\n\n\n<p>Entre los detenidos se encuentra F. G.R.; L. I. E., alias el \u201cCaba\u00f1a\u201d; A. C. L. y M. G. A., a quienes tambi\u00e9n les fue asegurado armamento y equipo bal\u00edstico.<\/p>\n\n\n\n<p>Cabe se\u00f1alar que, los ahora detenidos contaban con una orden de aprehensi\u00f3n por el delito de homicidio calificado, ocurrido el pasado 09 de febrero de 2023.<\/p>\n\n\n\n<p>Por tal motivo fueron puestos a disposici\u00f3n de las autoridades correspondientes, quienes determinar\u00e1n su situaci\u00f3n jur\u00eddica.<\/p>\n\n\n\n<p>Con estas acciones, la SSPC que encabeza el Capit\u00e1n de Fragata, Iv\u00e1n Garc\u00eda \u00c1lvarez, refrenda el compromiso del Gobernador del Estado, Salom\u00f3n Jara Cruz, de garantizar la paz, seguridad y justicia en la entidad.<\/p>\n\n\n\n<p>-0-<\/p>\n\n\n\n<figure class=\"wp-block-image size-large\"><img decoding=\"async\" src=\"https:\/\/contextoanalisisperiodistico.com\/wp-content\/uploads\/2023\/03\/img-20230324-wa01053543920363814858000-1024x768.jpg\" alt=\"\" class=\"wp-image-10881\"\/><\/figure>\n\n\n\n<figure class=\"wp-block-image\"><img decoding=\"async\" src=\"https:\/\/contextoanalisisperiodistico.com\/wp-content\/uploads\/2023\/03\/img-20230324-wa01043361952953180877836-1024x768.jpg\" alt=\"\" class=\"wp-image-10880\"\/><\/figure>\n","protected":false},"excerpt":{"rendered":"<p>\u2022 Dicha acci\u00f3n operativa se llev\u00f3 a cabo gracias al trabajo coordinado con la AEI&#8230;<\/p>\n","protected":false},"author":4,"featured_media":0,"comment_status":"open","ping_status":"open","sticky":false,"template":"","format":"standard","meta":{"footnotes":""},"categories":[10],"tags":[],"jetpack_sharing_enabled":true,"featured_image_urls":{"full":"","thumbnail":"","medium":"","medium_large":"","large":"","1536x1536":"","2048x2048":"","covernews-slider-full":"","covernews-slider-center":"","covernews-featured":"","covernews-medium":"","covernews-medium-square":""},"author_info":{"display_name":"Mario Gir\u00f3n","author_link":"https:\/\/contextoanalisisperiodistico.com\/index.php\/author\/director\/"},"category_info":"<a href=\"https:\/\/contextoanalisisperiodistico.com\/index.php\/category\/seguridad\/\" rel=\"category tag\">Seguridad<\/a>","tag_info":"Seguridad","comment_count":"0","jetpack_featured_media_url":"","_links":{"self":[{"href":"https:\/\/contextoanalisisperiodistico.com\/index.php\/wp-json\/wp\/v2\/posts\/10878"}],"collection":[{"href":"https:\/\/contextoanalisisperiodistico.com\/index.php\/wp-json\/wp\/v2\/posts"}],"about":[{"href":"https:\/\/contextoanalisisperiodistico.com\/index.php\/wp-json\/wp\/v2\/types\/post"}],"author":[{"embeddable":true,"href":"https:\/\/contextoanalisisperiodistico.com\/index.php\/wp-json\/wp\/v2\/users\/4"}],"replies":[{"embeddable":true,"href":"https:\/\/contextoanalisisperiodistico.com\/index.php\/wp-json\/wp\/v2\/comments?post=10878"}],"version-history":[{"count":1,"href":"https:\/\/contextoanalisisperiodistico.com\/index.php\/wp-json\/wp\/v2\/posts\/10878\/revisions"}],"predecessor-version":[{"id":10882,"href":"https:\/\/contextoanalisisperiodistico.com\/index.php\/wp-json\/wp\/v2\/posts\/10878\/revisions\/10882"}],"wp:attachment":[{"href":"https:\/\/contextoanalisisperiodistico.com\/index.php\/wp-json\/wp\/v2\/media?parent=10878"}],"wp:term":[{"taxonomy":"category","embeddable":true,"href":"https:\/\/contextoanalisisperiodistico.com\/index.php\/wp-json\/wp\/v2\/categories?post=10878"},{"taxonomy":"post_tag","embeddable":true,"href":"https:\/\/contextoanalisisperiodistico.com\/index.php\/wp-json\/wp\/v2\/tags?post=10878"}],"curies":[{"name":"wp","href":"https:\/\/api.w.org\/{rel}","templated":true}]}}