{"id":10868,"date":"2023-03-24T18:08:36","date_gmt":"2023-03-25T00:08:36","guid":{"rendered":"https:\/\/contextoanalisisperiodistico.com\/?p=10868"},"modified":"2023-03-24T18:08:43","modified_gmt":"2023-03-25T00:08:43","slug":"promueven-dialogos-feministas-en-el-municipio-de-oaxaca-de-juarez","status":"publish","type":"post","link":"https:\/\/contextoanalisisperiodistico.com\/index.php\/2023\/03\/24\/promueven-dialogos-feministas-en-el-municipio-de-oaxaca-de-juarez\/","title":{"rendered":"Promueven di\u00e1logos feministas en el municipio de Oaxaca de Ju\u00e1rez"},"content":{"rendered":"<div id=\"fb-root\"><\/div>\n\n<ul>\n<li>Durante los di\u00e1logos se discutieron retos y obst\u00e1culos que las mujeres enfrentan en su trayectoria y en los espacios de toma de decisiones.<\/li>\n<\/ul>\n\n\n\n<p>Oaxaca de Ju\u00e1rez, Oax., a 24 de marzo de 2023.- Con el objetivo de analizar la importancia del acceso de mujeres a cargos estrat\u00e9gicos en la administraci\u00f3n p\u00fablica municipal y su impacto en favor de la igualdad de g\u00e9nero, en el marco del D\u00eda Internacional de la Mujer, el municipio de Oaxaca de Ju\u00e1rez, a trav\u00e9s del Instituto Municipal de la Mujer, llev\u00f3 a cabo Di\u00e1logos Feministas, \u201cImpacto de la presencia de mujeres en cargos estrat\u00e9gicos del gobierno municipal\u201d.<\/p>\n\n\n\n<p>En este sentido, el presidente municipal de Oaxaca de Ju\u00e1rez, Francisco Mart\u00ednez Neri, reiter\u00f3 su compromiso de seguir trabajando en la promoci\u00f3n de la igualdad de g\u00e9nero y el empoderamiento de las mujeres, reconociendo que la participaci\u00f3n activa de las mujeres en la toma de decisiones es fundamental para lograr una sociedad m\u00e1s justa e igualitaria para todas y todos.<\/p>\n\n\n\n<p>\u201cMe parece importante impulsar esta actividad, porque se dan a conocer una serie de situaciones que no siempre son manejadas de manera p\u00fablica y que requieren de nuestra atenci\u00f3n\u201d acot\u00f3.<\/p>\n\n\n\n<p>Por su parte la titular del Instituto Municipal de la Mujer, Brenda Elizabeth Dom\u00ednguez Enciso, se\u00f1al\u00f3 que a trav\u00e9s de este tipo de eventos se busca impulsar la igualdad de g\u00e9nero y erradicar la discriminaci\u00f3n hacia las mujeres. Adem\u00e1s, destac\u00f3 la importancia de fomentar la participaci\u00f3n de las mujeres en la vida p\u00fablica, pues permite fortalecer la democracia y promueve el desarrollo sostenible.<\/p>\n\n\n\n<p>\u201cLos derechos pol\u00edticos electorales se ejercen todos los d\u00edas. Tenemos que trabajar desde lo local para exponenciar todas las oportunidades que se pueden brindar en el municipio de Oaxaca de Ju\u00e1rez\u201d, finaliz\u00f3.<\/p>\n\n\n\n<p>En este sentido, integrantes del gabinete municipal y regidoras abordaron diversas preguntas y temas relevantes con relaci\u00f3n a la participaci\u00f3n de las mujeres en la pol\u00edtica y el liderazgo, adem\u00e1s de discutir retos y obst\u00e1culos que las mujeres enfrentan en su trayectoria y en los espacios de toma de decisiones, tanto a nivel personal como institucional.<\/p>\n\n\n\n<p>De esta forma, el municipio de Oaxaca de Ju\u00e1rez, que encabeza el edil capitalino, Francisco Mart\u00ednez Neri, gener\u00f3 el espacio para discutir y reflexionar sobre la importancia de la participaci\u00f3n de las mujeres en la vida p\u00fablica y la necesidad de superar los obst\u00e1culos y retos que enfrentan para lograr la igualdad de g\u00e9nero.<\/p>\n\n\n\n<figure class=\"wp-block-image size-large\"><img decoding=\"async\" src=\"https:\/\/contextoanalisisperiodistico.com\/wp-content\/uploads\/2023\/03\/img-20230324-wa00844916699598502835377-1024x683.jpg\" alt=\"\" class=\"wp-image-10870\"\/><\/figure>\n\n\n\n<figure class=\"wp-block-image\"><img decoding=\"async\" src=\"https:\/\/contextoanalisisperiodistico.com\/wp-content\/uploads\/2023\/03\/img-20230324-wa00825470067139292330715-1024x683.jpg\" alt=\"\" class=\"wp-image-10871\"\/><\/figure>\n","protected":false},"excerpt":{"rendered":"<p>Oaxaca de Ju\u00e1rez, Oax., a 24 de marzo de 2023.- Con el objetivo de analizar&#8230;<\/p>\n","protected":false},"author":4,"featured_media":0,"comment_status":"open","ping_status":"open","sticky":false,"template":"","format":"standard","meta":{"footnotes":""},"categories":[3],"tags":[],"jetpack_sharing_enabled":true,"featured_image_urls":{"full":"","thumbnail":"","medium":"","medium_large":"","large":"","1536x1536":"","2048x2048":"","covernews-slider-full":"","covernews-slider-center":"","covernews-featured":"","covernews-medium":"","covernews-medium-square":""},"author_info":{"display_name":"Mario Gir\u00f3n","author_link":"https:\/\/contextoanalisisperiodistico.com\/index.php\/author\/director\/"},"category_info":"<a href=\"https:\/\/contextoanalisisperiodistico.com\/index.php\/category\/ciudad\/\" rel=\"category tag\">Ciudad<\/a>","tag_info":"Ciudad","comment_count":"0","jetpack_featured_media_url":"","_links":{"self":[{"href":"https:\/\/contextoanalisisperiodistico.com\/index.php\/wp-json\/wp\/v2\/posts\/10868"}],"collection":[{"href":"https:\/\/contextoanalisisperiodistico.com\/index.php\/wp-json\/wp\/v2\/posts"}],"about":[{"href":"https:\/\/contextoanalisisperiodistico.com\/index.php\/wp-json\/wp\/v2\/types\/post"}],"author":[{"embeddable":true,"href":"https:\/\/contextoanalisisperiodistico.com\/index.php\/wp-json\/wp\/v2\/users\/4"}],"replies":[{"embeddable":true,"href":"https:\/\/contextoanalisisperiodistico.com\/index.php\/wp-json\/wp\/v2\/comments?post=10868"}],"version-history":[{"count":1,"href":"https:\/\/contextoanalisisperiodistico.com\/index.php\/wp-json\/wp\/v2\/posts\/10868\/revisions"}],"predecessor-version":[{"id":10872,"href":"https:\/\/contextoanalisisperiodistico.com\/index.php\/wp-json\/wp\/v2\/posts\/10868\/revisions\/10872"}],"wp:attachment":[{"href":"https:\/\/contextoanalisisperiodistico.com\/index.php\/wp-json\/wp\/v2\/media?parent=10868"}],"wp:term":[{"taxonomy":"category","embeddable":true,"href":"https:\/\/contextoanalisisperiodistico.com\/index.php\/wp-json\/wp\/v2\/categories?post=10868"},{"taxonomy":"post_tag","embeddable":true,"href":"https:\/\/contextoanalisisperiodistico.com\/index.php\/wp-json\/wp\/v2\/tags?post=10868"}],"curies":[{"name":"wp","href":"https:\/\/api.w.org\/{rel}","templated":true}]}}