{"id":10863,"date":"2023-03-24T16:03:26","date_gmt":"2023-03-24T22:03:26","guid":{"rendered":"https:\/\/contextoanalisisperiodistico.com\/?p=10863"},"modified":"2023-03-24T16:03:32","modified_gmt":"2023-03-24T22:03:32","slug":"incluye-gobierno-del-estado-a-sociedad-en-tareas-de-armonizacion-de-la-ley-en-materia-de-movilidad","status":"publish","type":"post","link":"https:\/\/contextoanalisisperiodistico.com\/index.php\/2023\/03\/24\/incluye-gobierno-del-estado-a-sociedad-en-tareas-de-armonizacion-de-la-ley-en-materia-de-movilidad\/","title":{"rendered":"Incluye Gobierno del Estado a sociedad en tareas de armonizaci\u00f3n de la Ley en materia de movilidad"},"content":{"rendered":"<div id=\"fb-root\"><\/div>\n\n<p>\u2022 La Semovi y el Congreso del Estado realizan Foro Regional de Consulta en Tuxtepec<br \/>\u2022 Llevar\u00e1n a cabo estos encuentros en otras regiones para escuchar propuestas del sector transporte<\/p>\n\n\n\n<p>San Juan Bautista Tuxtepec, Oax. 24 de marzo de 2023.- La Secretar\u00eda de Movilidad (Semovi) en coordinaci\u00f3n con la Comisi\u00f3n de Movilidad de la LXV Legislatura del Congreso del Estado de Oaxaca realizaron en San Juan Bautista Tuxtepec el segundo Foro Regional de Consulta para la Armonizaci\u00f3n de la Legislaci\u00f3n Local en materia de Movilidad y Seguridad Vial.<\/p>\n\n\n\n<p>El subsecretario de Regulaci\u00f3n y Control de Transporte de la Semovi, Pedro Silva Salazar, explic\u00f3 que este tipo de foros se realizar\u00e1n en algunas regiones de la entidad para escuchar las voces de quienes integran el sector transporte y que son indispensables para la formulaci\u00f3n de la nueva normatividad que se impulsa en materia de movilidad.<\/p>\n\n\n\n<p>Celebr\u00f3 la asistencia a estos foros de profesionales del urbanismo y la movilidad, activistas, personas con discapacidad, concesionarios y sociedad civil.<\/p>\n\n\n\n<p>\u201cTenemos en las manos la oportunidad hist\u00f3rica de coadyuvar en la armonizaci\u00f3n de una Ley que atienda la deuda hist\u00f3rica con el pueblo oaxaque\u00f1o en materia de movilidad; que escuche y retome las voces de los diferentes grupos poblacionales que tradicionalmente no han sido tomados en cuenta en las pol\u00edticas en esta materia\u201d, medit\u00f3.<\/p>\n\n\n\n<p>En su oportunidad, el diputado local por el VII Distrito electoral local con cabecera en Putla Villa de Guerrero y presidente de la Comisi\u00f3n Permanente de Movilidad y Transportes, Nicol\u00e1s Enrique Feria Romero, celebr\u00f3 la realizaci\u00f3n de este foro que permitir\u00e1 conocer las inquietudes de las y los concesionarios del transporte.<\/p>\n\n\n\n<p>El foro tuvo como objetivo recabar propuestas para armonizar la Ley en materia de Movilidad del Estado de Oaxaca con la perspectiva de la Ley General de Movilidad y Seguridad Vial federal publicada en mayo del a\u00f1o pasado en el Diario Oficial de la Federaci\u00f3n (DOF).<\/p>\n\n\n\n<p>Asimismo, sentar las bases para la pol\u00edtica de movilidad y seguridad vial, bajo un enfoque sist\u00e9mico de seguridad, para priorizar el desplazamiento de las personas, particularmente de los grupos en situaci\u00f3n de vulnerabilidad, as\u00ed como bienes y mercanc\u00edas, con base en la jerarqu\u00eda de la movilidad.<\/p>\n\n\n\n<p>Adem\u00e1s, el foro tuvo la finalidad de generar un ejercicio de parlamento abierto que permita el intercambio de experiencias desde distintos \u00e1mbitos, legislativo, gubernamental, acad\u00e9mico y de organizaciones de la sociedad civil buscando acuerdos que establezcan las bases para realizar este proceso de armonizaci\u00f3n en la entidad.<\/p>\n\n\n\n<p>En el encuentro se desarrollaron cuatro mesas de trabajo: Movilidad Activa y Accesible, Transporte P\u00fablico Local e Interestatal, Transporte de carga local e interestatal y seguridad vial.<\/p>\n\n\n\n<p>En el Foro participaron la diputada Reyna Victoria Jim\u00e9nez Cervantes, integrante de la Comisi\u00f3n Permanente de Movilidad; Irineo Molina Espinoza, Presidente Municipal de San Juan Bautista Tuxtepec, Octavio Santana Flores, Regidor de Seguridad P\u00fablica, Vialidad y Transporte del Ayuntamiento de San Juan Bautista Tuxtepec y representantes de la Polic\u00eda Vial Estatal (SSyPC).<\/p>\n\n\n\n<p>-0-<\/p>\n\n\n\n<figure class=\"wp-block-image size-large\"><img decoding=\"async\" src=\"https:\/\/contextoanalisisperiodistico.com\/wp-content\/uploads\/2023\/03\/img-20230324-wa0071675911672500229818-1024x576.jpg\" alt=\"\" class=\"wp-image-10866\"\/><\/figure>\n\n\n\n<figure class=\"wp-block-image\"><img decoding=\"async\" src=\"https:\/\/contextoanalisisperiodistico.com\/wp-content\/uploads\/2023\/03\/img-20230324-wa00728975968461078866874-1024x576.jpg\" alt=\"\" class=\"wp-image-10865\"\/><\/figure>\n","protected":false},"excerpt":{"rendered":"<p>\u2022 La Semovi y el Congreso del Estado realizan Foro Regional de Consulta en Tuxtepec\u2022&#8230;<\/p>\n","protected":false},"author":4,"featured_media":0,"comment_status":"open","ping_status":"open","sticky":false,"template":"","format":"standard","meta":{"footnotes":""},"categories":[7],"tags":[],"jetpack_sharing_enabled":true,"featured_image_urls":{"full":"","thumbnail":"","medium":"","medium_large":"","large":"","1536x1536":"","2048x2048":"","covernews-slider-full":"","covernews-slider-center":"","covernews-featured":"","covernews-medium":"","covernews-medium-square":""},"author_info":{"display_name":"Mario Gir\u00f3n","author_link":"https:\/\/contextoanalisisperiodistico.com\/index.php\/author\/director\/"},"category_info":"<a href=\"https:\/\/contextoanalisisperiodistico.com\/index.php\/category\/municipios\/\" rel=\"category tag\">Municipios<\/a>","tag_info":"Municipios","comment_count":"0","jetpack_featured_media_url":"","_links":{"self":[{"href":"https:\/\/contextoanalisisperiodistico.com\/index.php\/wp-json\/wp\/v2\/posts\/10863"}],"collection":[{"href":"https:\/\/contextoanalisisperiodistico.com\/index.php\/wp-json\/wp\/v2\/posts"}],"about":[{"href":"https:\/\/contextoanalisisperiodistico.com\/index.php\/wp-json\/wp\/v2\/types\/post"}],"author":[{"embeddable":true,"href":"https:\/\/contextoanalisisperiodistico.com\/index.php\/wp-json\/wp\/v2\/users\/4"}],"replies":[{"embeddable":true,"href":"https:\/\/contextoanalisisperiodistico.com\/index.php\/wp-json\/wp\/v2\/comments?post=10863"}],"version-history":[{"count":1,"href":"https:\/\/contextoanalisisperiodistico.com\/index.php\/wp-json\/wp\/v2\/posts\/10863\/revisions"}],"predecessor-version":[{"id":10867,"href":"https:\/\/contextoanalisisperiodistico.com\/index.php\/wp-json\/wp\/v2\/posts\/10863\/revisions\/10867"}],"wp:attachment":[{"href":"https:\/\/contextoanalisisperiodistico.com\/index.php\/wp-json\/wp\/v2\/media?parent=10863"}],"wp:term":[{"taxonomy":"category","embeddable":true,"href":"https:\/\/contextoanalisisperiodistico.com\/index.php\/wp-json\/wp\/v2\/categories?post=10863"},{"taxonomy":"post_tag","embeddable":true,"href":"https:\/\/contextoanalisisperiodistico.com\/index.php\/wp-json\/wp\/v2\/tags?post=10863"}],"curies":[{"name":"wp","href":"https:\/\/api.w.org\/{rel}","templated":true}]}}