{"id":10823,"date":"2023-03-23T18:50:39","date_gmt":"2023-03-24T00:50:39","guid":{"rendered":"https:\/\/contextoanalisisperiodistico.com\/index.php\/2023\/03\/23\/pronunciamiento-del-prd-por-asesinato-de-moises-ramirez-aguilar-dirigente-municipal-en-huatulco\/"},"modified":"2023-03-23T18:50:39","modified_gmt":"2023-03-24T00:50:39","slug":"pronunciamiento-del-prd-por-asesinato-de-moises-ramirez-aguilar-dirigente-municipal-en-huatulco","status":"publish","type":"post","link":"https:\/\/contextoanalisisperiodistico.com\/index.php\/2023\/03\/23\/pronunciamiento-del-prd-por-asesinato-de-moises-ramirez-aguilar-dirigente-municipal-en-huatulco\/","title":{"rendered":"Pronunciamiento del PRD por asesinato de Mois\u00e9s Ram\u00edrez Aguilar, dirigente municipal en Huatulco"},"content":{"rendered":"<div id=\"fb-root\"><\/div>\n\n<p>El Partido de la Revoluci\u00f3n Democr\u00e1tica, condena el cobarde asesinato del activista, l\u00edder social y quien fuera Presidente de la Direcci\u00f3n Municipal Ejecutiva de este Instituto Pol\u00edtico en el Municipio de Santa Mar\u00eda Huatulco, Oaxaca, el compa\u00f1ero Mois\u00e9s Ram\u00edrez Aguilar, por lo cual exigimos de justicia y castigo a todos los autores intelectuales y materiales de este Homicidio.<\/p>\n\n\n\n<p>Es lastimoso que, en el marco de la cuarta sesi\u00f3n extraordinaria del Consejo Nacional de Seguridad P\u00fablica, presidida por la secretaria ejecutiva del Sistema Nacional de Seguridad P\u00fablica, Clara Luz Flores Carrales, y por el Secretario de Gobernaci\u00f3n, Ad\u00e1n Augusto L\u00f3pez Hern\u00e1ndez, los asesinatos en nuestra vayan en aumento y a menos de 24 horas de esta reuni\u00f3n, hayan acontecido cinco homicidios que se suman a la larga lista de actos de violencia e inseguridad en nuestra entidad, lo cual no hace mas que acrecentar la demanda ciudadana para que este gobierno del Estado tome acciones contundentes en materia de Seguridad Publica.<\/p>\n\n\n\n<p>Para el PRD, estamos a tiempo de hacer un llamado urgente al Gobernador del Estado, Secretario de Gobierno y Secretario de Seguridad y Protecci\u00f3n Ciudadana, a que volteen la mirada a este grave problema y abandonen la demagogia, e implementen acciones para frenar la violencia desmedida que est\u00e1 deteriorando el tejido social, ocasionando la ruptura de la paz, convivencia y armon\u00eda de las familias Oaxaque\u00f1as, incluida la propia seguridad del estado<\/p>\n\n\n\n<p>Este Gobierno debe evitar que la violencia y la impunidad se institucionalice y se convierta a nuestra entidad en la genuina expresi\u00f3n de un estado fallido<\/p>\n\n\n\n<figure class=\"wp-block-image size-large\"><img decoding=\"async\" src=\"https:\/\/contextoanalisisperiodistico.com\/wp-content\/uploads\/2023\/03\/screenshot_20230323_184547_samsunginternet2864540407222927677..jpg\" alt=\"\" class=\"wp-image-10822\"\/><\/figure>\n","protected":false},"excerpt":{"rendered":"<p>El Partido de la Revoluci\u00f3n Democr\u00e1tica, condena el cobarde asesinato del activista, l\u00edder social y&#8230;<\/p>\n","protected":false},"author":4,"featured_media":0,"comment_status":"open","ping_status":"open","sticky":false,"template":"","format":"standard","meta":{"footnotes":""},"categories":[9],"tags":[],"jetpack_sharing_enabled":true,"featured_image_urls":{"full":"","thumbnail":"","medium":"","medium_large":"","large":"","1536x1536":"","2048x2048":"","covernews-slider-full":"","covernews-slider-center":"","covernews-featured":"","covernews-medium":"","covernews-medium-square":""},"author_info":{"display_name":"Mario Gir\u00f3n","author_link":"https:\/\/contextoanalisisperiodistico.com\/index.php\/author\/director\/"},"category_info":"<a href=\"https:\/\/contextoanalisisperiodistico.com\/index.php\/category\/politica\/\" rel=\"category tag\">Pol\u00edtica<\/a>","tag_info":"Pol\u00edtica","comment_count":"0","jetpack_featured_media_url":"","_links":{"self":[{"href":"https:\/\/contextoanalisisperiodistico.com\/index.php\/wp-json\/wp\/v2\/posts\/10823"}],"collection":[{"href":"https:\/\/contextoanalisisperiodistico.com\/index.php\/wp-json\/wp\/v2\/posts"}],"about":[{"href":"https:\/\/contextoanalisisperiodistico.com\/index.php\/wp-json\/wp\/v2\/types\/post"}],"author":[{"embeddable":true,"href":"https:\/\/contextoanalisisperiodistico.com\/index.php\/wp-json\/wp\/v2\/users\/4"}],"replies":[{"embeddable":true,"href":"https:\/\/contextoanalisisperiodistico.com\/index.php\/wp-json\/wp\/v2\/comments?post=10823"}],"version-history":[{"count":0,"href":"https:\/\/contextoanalisisperiodistico.com\/index.php\/wp-json\/wp\/v2\/posts\/10823\/revisions"}],"wp:attachment":[{"href":"https:\/\/contextoanalisisperiodistico.com\/index.php\/wp-json\/wp\/v2\/media?parent=10823"}],"wp:term":[{"taxonomy":"category","embeddable":true,"href":"https:\/\/contextoanalisisperiodistico.com\/index.php\/wp-json\/wp\/v2\/categories?post=10823"},{"taxonomy":"post_tag","embeddable":true,"href":"https:\/\/contextoanalisisperiodistico.com\/index.php\/wp-json\/wp\/v2\/tags?post=10823"}],"curies":[{"name":"wp","href":"https:\/\/api.w.org\/{rel}","templated":true}]}}