{"id":10815,"date":"2023-03-23T18:43:19","date_gmt":"2023-03-24T00:43:19","guid":{"rendered":"https:\/\/contextoanalisisperiodistico.com\/?p=10815"},"modified":"2023-03-23T18:43:27","modified_gmt":"2023-03-24T00:43:27","slug":"la-discapacidad-esta-en-la-mente-gilda-demuestra-capacidad-de-trascender-en-todos-los-ambitos-francisco-martinez-neri","status":"publish","type":"post","link":"https:\/\/contextoanalisisperiodistico.com\/index.php\/2023\/03\/23\/la-discapacidad-esta-en-la-mente-gilda-demuestra-capacidad-de-trascender-en-todos-los-ambitos-francisco-martinez-neri\/","title":{"rendered":"\u201cLa discapacidad est\u00e1 en la mente; Gilda, demuestra  capacidad de trascender en todos los \u00e1mbitos \u201d: Francisco Mart\u00ednez Neri"},"content":{"rendered":"<div id=\"fb-root\"><\/div>\n\n<p>\u2022Por primera vez en la historia es reconocida la comunidad deportiva adaptada por el municipio de Oaxaca de Ju\u00e1rez.<\/p>\n\n\n\n<p>\u2022 Se entrega el Est\u00edmulo Municipal al Deporte Adaptado<\/p>\n\n\n\n<p>Oaxaca de Ju\u00e1rez, Oax., a 23 de marzo de 2023.- Con el objetivo de reconocer y fomentar la actividad que desarrolla una persona con discapacidad, el presidente municipal de Oaxaca de Ju\u00e1rez, Francisco Mart\u00ednez Neri, en Sesi\u00f3n Solemne de Cabildo, entreg\u00f3 el \u00abEst\u00edmulo Municipal al Deporte Adaptado 2023\u00bb, a la paraciclista, Gilda Andrea Hern\u00e1ndez Ram\u00edrez.<\/p>\n\n\n\n<p>\u201cHoy quiero reconocer a Gilda por los triunfos que ha obtenido y que le ha dado a Oaxaca\u201d expres\u00f3 el edil al tiempo que enalteci\u00f3 su fuerza, pasi\u00f3n y esp\u00edritu que han hecho que su pr\u00e1ctica inspire y sea ejemplo de lo que puede hacer la juventud.<\/p>\n\n\n\n<p>En presencia de las y los concejales, funcionariado municipal e invitados especiales, el edil capitalino, subray\u00f3 que la discapacidad est\u00e1 en la mente, pues mujeres y hombres como Gilda demuestran que son capaces de trascender en todos los \u00e1mbitos. \u201cEste d\u00eda est\u00e1 dedicado a ti, a tu trabajo, a tu esfuerzo y con ello este ayuntamiento reconoce tu trabajo y te invita a que sigas siendo ejemplo de pundonor y de juventud. Gracias por tu trabajo\u201d finaliz\u00f3.<\/p>\n\n\n\n<p>En su intervenci\u00f3n, la regidora de Juventud y Deporte y de Atenci\u00f3n a Grupos en Situaci\u00f3n de Vulnerabilidad, Jocabeth Betanzos Vel\u00e1squez, refiri\u00f3 que si ya el deporte es digno de reconocer y de fomentar, la actividad que desarrolla una persona con discapacidad es merecedora del reconocimiento no solamente de la autoridad sino de la sociedad.<\/p>\n\n\n\n<p>Cabe destacar que es la primera vez que el municipio capitalino entrega este est\u00edmulo, propuesto por la Regidur\u00eda de Juventud y Deporte y de Atenci\u00f3n a Personas en Situaci\u00f3n de Vulnerabilidad, y organizado por el Instituto Municipal del Deporte y es un recordatorio de que la determinaci\u00f3n, la dedicaci\u00f3n y la pasi\u00f3n pueden superar cualquier obst\u00e1culo y ser un ejemplo para todas y todos.<\/p>\n\n\n\n<figure class=\"wp-block-image size-large\"><img decoding=\"async\" src=\"https:\/\/contextoanalisisperiodistico.com\/wp-content\/uploads\/2023\/03\/img-20230323-wa00655365747633877994423-1024x682.jpg\" alt=\"\" class=\"wp-image-10819\"\/><\/figure>\n\n\n\n<figure class=\"wp-block-image\"><img decoding=\"async\" src=\"https:\/\/contextoanalisisperiodistico.com\/wp-content\/uploads\/2023\/03\/img-20230323-wa00643325430331393197873-1024x683.jpg\" alt=\"\" class=\"wp-image-10818\"\/><\/figure>\n","protected":false},"excerpt":{"rendered":"<p>\u2022Por primera vez en la historia es reconocida la comunidad deportiva adaptada por el municipio&#8230;<\/p>\n","protected":false},"author":4,"featured_media":0,"comment_status":"open","ping_status":"open","sticky":false,"template":"","format":"standard","meta":{"footnotes":""},"categories":[9],"tags":[],"jetpack_sharing_enabled":true,"featured_image_urls":{"full":"","thumbnail":"","medium":"","medium_large":"","large":"","1536x1536":"","2048x2048":"","covernews-slider-full":"","covernews-slider-center":"","covernews-featured":"","covernews-medium":"","covernews-medium-square":""},"author_info":{"display_name":"Mario Gir\u00f3n","author_link":"https:\/\/contextoanalisisperiodistico.com\/index.php\/author\/director\/"},"category_info":"<a href=\"https:\/\/contextoanalisisperiodistico.com\/index.php\/category\/politica\/\" rel=\"category tag\">Pol\u00edtica<\/a>","tag_info":"Pol\u00edtica","comment_count":"0","jetpack_featured_media_url":"","_links":{"self":[{"href":"https:\/\/contextoanalisisperiodistico.com\/index.php\/wp-json\/wp\/v2\/posts\/10815"}],"collection":[{"href":"https:\/\/contextoanalisisperiodistico.com\/index.php\/wp-json\/wp\/v2\/posts"}],"about":[{"href":"https:\/\/contextoanalisisperiodistico.com\/index.php\/wp-json\/wp\/v2\/types\/post"}],"author":[{"embeddable":true,"href":"https:\/\/contextoanalisisperiodistico.com\/index.php\/wp-json\/wp\/v2\/users\/4"}],"replies":[{"embeddable":true,"href":"https:\/\/contextoanalisisperiodistico.com\/index.php\/wp-json\/wp\/v2\/comments?post=10815"}],"version-history":[{"count":1,"href":"https:\/\/contextoanalisisperiodistico.com\/index.php\/wp-json\/wp\/v2\/posts\/10815\/revisions"}],"predecessor-version":[{"id":10820,"href":"https:\/\/contextoanalisisperiodistico.com\/index.php\/wp-json\/wp\/v2\/posts\/10815\/revisions\/10820"}],"wp:attachment":[{"href":"https:\/\/contextoanalisisperiodistico.com\/index.php\/wp-json\/wp\/v2\/media?parent=10815"}],"wp:term":[{"taxonomy":"category","embeddable":true,"href":"https:\/\/contextoanalisisperiodistico.com\/index.php\/wp-json\/wp\/v2\/categories?post=10815"},{"taxonomy":"post_tag","embeddable":true,"href":"https:\/\/contextoanalisisperiodistico.com\/index.php\/wp-json\/wp\/v2\/tags?post=10815"}],"curies":[{"name":"wp","href":"https:\/\/api.w.org\/{rel}","templated":true}]}}