{"id":10795,"date":"2023-03-23T12:01:40","date_gmt":"2023-03-23T18:01:40","guid":{"rendered":"https:\/\/contextoanalisisperiodistico.com\/?p=10795"},"modified":"2023-03-23T12:01:47","modified_gmt":"2023-03-23T18:01:47","slug":"refuerza-gobierno-del-estado-la-coordinacion-de-proteccion-en-270-municipios","status":"publish","type":"post","link":"https:\/\/contextoanalisisperiodistico.com\/index.php\/2023\/03\/23\/refuerza-gobierno-del-estado-la-coordinacion-de-proteccion-en-270-municipios\/","title":{"rendered":"Refuerza Gobierno del Estado la coordinaci\u00f3n de protecci\u00f3n en 270 municipios"},"content":{"rendered":"<div id=\"fb-root\"><\/div>\n\n<p>\u2022 A m\u00e1s de 100 d\u00edas de Gobierno, la Coordinaci\u00f3n Estatal de Protecci\u00f3n Civil y Gesti\u00f3n de Riesgos inform\u00f3 que se han instalado Consejos Municipales y Comit\u00e9s Comunitarios de Protecci\u00f3n Civil<\/p>\n\n\n\n<p>Oaxaca de Ju\u00e1rez, Oax. 23 de marzo de 2023.- Con la finalidad de llevar a cabo acciones de planeaci\u00f3n y organizaci\u00f3n que contribuyan a la prevenci\u00f3n, mitigaci\u00f3n y atenci\u00f3n oportuna a la poblaci\u00f3n ante cualquier emergencia o desastre que se presente, la Coordinaci\u00f3n Estatal de Protecci\u00f3n Civil y Gesti\u00f3n de Riesgos (CEPCyGR), ha instalado a la fecha Consejos Municipales y Comit\u00e9s Comunitarios de Protecci\u00f3n Civil en 270 municipios de la entidad.<\/p>\n\n\n\n<p>Con esta estrategia impulsada durante los primeros 100 d\u00edas del Gobierno que encabeza el Gobernador Salom\u00f3n Jara Cruz, como parte de los ejes transversales Reparaci\u00f3n Hist\u00f3rica de los Pueblos, y Desarrollo Integral y Sustentable, se busca seguir trabajado de forma coordinada con los municipios, empresas e instituciones, y salvaguardar la seguridad e integridad f\u00edsica y patrimonial de la poblaci\u00f3n.<\/p>\n\n\n\n<p>La dependencia tambi\u00e9n desarroll\u00f3 cursos en materia de Protecci\u00f3n Civil y Gesti\u00f3n Integral de Riesgos, en donde integrantes de instituciones gubernamentales, escuelas y empresas tuvieron la oportunidad de ser capacitados sobre Primeros Auxilios, Prevenci\u00f3n y Combate de incendios, y Evaluaci\u00f3n de inmuebles.<\/p>\n\n\n\n<p>Esta iniciativa benefici\u00f3 a 833 personas a trav\u00e9s del fortalecimiento de la cultura de la prevenci\u00f3n en la sociedad, brind\u00e1ndoles informaci\u00f3n que les permita detectar y reforzar acciones que reduzcan los riesgos de incidentes.<\/p>\n\n\n\n<p>Asimismo, para dar cumplimiento al lema \u201cque nadie se quede atr\u00e1s, que nadie se quede fuera\u201d la Coordinaci\u00f3n realiz\u00f3 la revisi\u00f3n de 41 Programas Internos en materia de Protecci\u00f3n Civil y 31 Planes Escolares de Gesti\u00f3n de Riesgos.<\/p>\n\n\n\n<p>Para evitar que los pueblos no sigan padeciendo las conductas corruptas de los anteriores gobiernos; la direcci\u00f3n estableci\u00f3 un sistema de control en la entrega de las Formas Oficiales Valoradas que ser\u00e1n utilizadas durante el ejercicio fiscal 2023.<\/p>\n\n\n\n<p>De esta manera el Gobierno de Oaxaca cumple con la premisa de ser \u201cun gobierno de territorio no de escritorio\u201d, que seguir\u00e1 trabajado de forma coordinada con los pueblos y comunidades.<\/p>\n\n\n\n<figure class=\"wp-block-image size-large\"><img decoding=\"async\" src=\"https:\/\/contextoanalisisperiodistico.com\/wp-content\/uploads\/2023\/03\/img-20230323-wa00286200673504628408217-1024x768.jpg\" alt=\"\" class=\"wp-image-10798\"\/><\/figure>\n\n\n\n<figure class=\"wp-block-image\"><img decoding=\"async\" src=\"https:\/\/contextoanalisisperiodistico.com\/wp-content\/uploads\/2023\/03\/img-20230323-wa00291322424002178581199-1024x768.jpg\" alt=\"\" class=\"wp-image-10797\"\/><\/figure>\n","protected":false},"excerpt":{"rendered":"<p>\u2022 A m\u00e1s de 100 d\u00edas de Gobierno, la Coordinaci\u00f3n Estatal de Protecci\u00f3n Civil y&#8230;<\/p>\n","protected":false},"author":4,"featured_media":0,"comment_status":"open","ping_status":"open","sticky":false,"template":"","format":"standard","meta":{"footnotes":""},"categories":[7],"tags":[],"jetpack_sharing_enabled":true,"featured_image_urls":{"full":"","thumbnail":"","medium":"","medium_large":"","large":"","1536x1536":"","2048x2048":"","covernews-slider-full":"","covernews-slider-center":"","covernews-featured":"","covernews-medium":"","covernews-medium-square":""},"author_info":{"display_name":"Mario Gir\u00f3n","author_link":"https:\/\/contextoanalisisperiodistico.com\/index.php\/author\/director\/"},"category_info":"<a href=\"https:\/\/contextoanalisisperiodistico.com\/index.php\/category\/municipios\/\" rel=\"category tag\">Municipios<\/a>","tag_info":"Municipios","comment_count":"0","jetpack_featured_media_url":"","_links":{"self":[{"href":"https:\/\/contextoanalisisperiodistico.com\/index.php\/wp-json\/wp\/v2\/posts\/10795"}],"collection":[{"href":"https:\/\/contextoanalisisperiodistico.com\/index.php\/wp-json\/wp\/v2\/posts"}],"about":[{"href":"https:\/\/contextoanalisisperiodistico.com\/index.php\/wp-json\/wp\/v2\/types\/post"}],"author":[{"embeddable":true,"href":"https:\/\/contextoanalisisperiodistico.com\/index.php\/wp-json\/wp\/v2\/users\/4"}],"replies":[{"embeddable":true,"href":"https:\/\/contextoanalisisperiodistico.com\/index.php\/wp-json\/wp\/v2\/comments?post=10795"}],"version-history":[{"count":1,"href":"https:\/\/contextoanalisisperiodistico.com\/index.php\/wp-json\/wp\/v2\/posts\/10795\/revisions"}],"predecessor-version":[{"id":10799,"href":"https:\/\/contextoanalisisperiodistico.com\/index.php\/wp-json\/wp\/v2\/posts\/10795\/revisions\/10799"}],"wp:attachment":[{"href":"https:\/\/contextoanalisisperiodistico.com\/index.php\/wp-json\/wp\/v2\/media?parent=10795"}],"wp:term":[{"taxonomy":"category","embeddable":true,"href":"https:\/\/contextoanalisisperiodistico.com\/index.php\/wp-json\/wp\/v2\/categories?post=10795"},{"taxonomy":"post_tag","embeddable":true,"href":"https:\/\/contextoanalisisperiodistico.com\/index.php\/wp-json\/wp\/v2\/tags?post=10795"}],"curies":[{"name":"wp","href":"https:\/\/api.w.org\/{rel}","templated":true}]}}