{"id":1077,"date":"2022-02-27T17:09:27","date_gmt":"2022-02-27T23:09:27","guid":{"rendered":"http:\/\/contextoanalisisperiodistico.com.mx\/2022\/02\/27\/ciudad-de-mexico-a-27-de-febrero-de-2022cumplimos-50-anosconoce-lo-que-en-infonavit-tenemos-para-ti-en-este-aniversario\/"},"modified":"2022-02-27T17:09:27","modified_gmt":"2022-02-27T23:09:27","slug":"ciudad-de-mexico-a-27-de-febrero-de-2022cumplimos-50-anosconoce-lo-que-en-infonavit-tenemos-para-ti-en-este-aniversario","status":"publish","type":"post","link":"https:\/\/contextoanalisisperiodistico.com\/index.php\/2022\/02\/27\/ciudad-de-mexico-a-27-de-febrero-de-2022cumplimos-50-anosconoce-lo-que-en-infonavit-tenemos-para-ti-en-este-aniversario\/","title":{"rendered":"Ciudad de M\u00e9xico, a 27 de febrero de 2022 \u00a1CUMPLIMOS 50 A\u00d1OS!CONOCE LO QUE EN INFONAVIT TENEMOS PARA TI EN ESTE ANIVERSARIO"},"content":{"rendered":"<div id=\"fb-root\"><\/div>\n\n<p><\/p>\n\n\n\n<p>\u2022 En mayo de este a\u00f1o cumplimos nuestro 50 aniversario y lo celebraremos durante todo 2022 otorg\u00e1ndote nuevas opciones de financiamiento, atendiendo mejor tus necesidades de vivienda y poniendo fin al aumento de la deuda de tu cr\u00e9dito Infonavit.<br \/>\u2022 Redoblaremos esfuerzos para cumplir con el objetivo trazado al inicio de esta administraci\u00f3n: poner al centro de todas nuestras acciones a la clase trabajadora de M\u00e9xico y recobrar el sentido social del Instituto.<\/p>\n\n\n\n<p>Este 2022, cumpliremos nuestro 50 aniversario y queremos celebrarlo otorg\u00e1ndote a ti y a toda la clase trabajadora de M\u00e9xico -que son los verdaderos due\u00f1os del Infonavit- m\u00e1s opciones de financiamiento, mejorando los esquemas existentes y poniendo fin al aumento de la deuda de los cr\u00e9ditos denominados en Veces Salario M\u00ednimo (VSM).<\/p>\n\n\n\n<p>Adem\u00e1s, modernizaremos nuestro portal institucional y mejoraremos la calidad en la atenci\u00f3n que te brindamos, facilitando tu acceso a las distintas soluciones de vivienda que ofrece el Infonavit.<\/p>\n\n\n\n<p>Si bien el aniversario es en el mes de mayo, durante todo el a\u00f1o pondremos a tu disposici\u00f3n nuevos productos y soluciones que te ayuden a tener la vivienda que m\u00e1s se adec\u00fae a tus gustos y necesidades.<\/p>\n\n\n\n<p>\u00bfCu\u00e1les ser\u00e1n estos productos y soluciones?<\/p>\n\n\n\n<p>&#8211; Cr\u00e9dito para adquisici\u00f3n de suelo habitacional. Sabemos que no todos quieren comprar una casa nueva o existente, si t\u00fa eres uno de ellos y prefieres usar tu Cr\u00e9dito Infonavit para comprar un terreno y construir una vivienda completamente a tu gusto, en este a\u00f1o lanzaremos un producto de financiamiento para que puedas hacerlo.<\/p>\n\n\n\n<p>&#8211; Refinanciamiento de cr\u00e9ditos. Si ya compraste tu casa con un Cr\u00e9dito Infonavit y a\u00fan no terminas de pagarlo, pero necesitas m\u00e1s dinero para hacerle una mejora o ampliaci\u00f3n a tu vivienda, nosotros te lo prestamos. Entre abril y junio, daremos a conocer esta opci\u00f3n de financiamiento.<\/p>\n\n\n\n<p>&#8211; Pago de pasivos. Como sabes, el a\u00f1o pasado bajamos nuestras tasas de inter\u00e9s a un nivel de entre 1.91% y 10.45%, por lo que, si ya tienes una hipoteca con alg\u00fan banco, con otra instituci\u00f3n financiera o incluso con nosotros, podr\u00e1s pagarla con un cr\u00e9dito que te otorgue el Infonavit en el que pagues menos intereses y tu mensualidad sea m\u00e1s baja. Esta alternativa, esperamos tenerla lista y ponerla a tu disposici\u00f3n en la segunda mitad de este a\u00f1o.<\/p>\n\n\n\n<p>&#8211; Autoproducci\u00f3n de vivienda. En esta administraci\u00f3n lanzamos ConstruYO Infonavit, un cr\u00e9dito para que tengas el dinero necesario para construir tu vivienda en un terreno que ya sea de tu propiedad. En 2022, tendremos m\u00e1s opciones similares a este producto, para que elijas la que m\u00e1s te convenga y se adec\u00fae a tus necesidades.<\/p>\n\n\n\n<p>&#8211; Ampliaci\u00f3n, reparaci\u00f3n y mejora. Si lo que est\u00e1s buscando es hacer mejoras a tu casa, ampliarla o repararla y no te has decidido a tramitar Mejoravit, espera un poco ya que este a\u00f1o lanzaremos un producto que te ayude a cubrir estas necesidades, pero con mejores condiciones financieras.&nbsp;<\/p>\n\n\n\n<p>Adi\u00f3s al aumento de tu deuda con la Ventanilla \u00danica de Responsabilidad Compartida<\/p>\n\n\n\n<p>Si en a\u00f1os anteriores tramitaste un Cr\u00e9dito Infonavit denominado en Veces Salario M\u00ednimo (VSM), debes saber que cada a\u00f1o el monto de tu deuda y tus mensualidades se ajustan dependiendo del aumento anual al salario, la Unidad de Medida y Actualizaci\u00f3n o el nuevo mecanismo de ajuste que recientemente creamos en el Instituto, dependiendo del que registre un menor incremento para no afectar tu econom\u00eda.<\/p>\n\n\n\n<p>Sin embargo, queremos poner fin a estos ajustes, por lo que en este a\u00f1o crearemos la Ventanilla \u00danica de Responsabilidad Compartida, para que puedas convertir tu cr\u00e9dito en VSM a pesos y que tu deuda y mensualidad no vuelvan a sufrir ning\u00fan incremento.<\/p>\n\n\n\n<p>\u00bfCu\u00e1ndo estar\u00e1n listos estos productos y soluciones y c\u00f3mo acceder a ellos?<\/p>\n\n\n\n<p>Mantenerte informado de todas las novedades que tenemos para ti este a\u00f1o es mucho m\u00e1s f\u00e1cil de lo que imaginas. Suscr\u00edbete a nuestro bolet\u00edn informativo semanal a trav\u00e9s de Mi Cuenta Infonavit (micuenta.infonavit.org.mx) -que funge como tu banca electr\u00f3nica- y Socio Infonavit (socioinfonavit.com) -nuestra plataforma de descuentos en la que podr\u00e1s obtener beneficios en restaurantes tiendas y consumos del d\u00eda a d\u00eda-.<\/p>\n\n\n\n<p>As\u00ed, recibir\u00e1s directamente en tu correo electr\u00f3nico todas las noticias, novedades e informaci\u00f3n relevante que el Infonavit tiene para ti.<\/p>\n\n\n\n<p>A trav\u00e9s de este medio, te iremos informando sobre los nuevos productos, su disponibilidad y c\u00f3mo acceder a ellos, adem\u00e1s te ayudaremos a resolver tus dudas sobre otras opciones de cr\u00e9dito y tr\u00e1mites del Infonavit.<br \/><br \/>Recuerda que, adem\u00e1s del bolet\u00edn informativo, tambi\u00e9n puedes consultar Infonavit F\u00e1cil (infonavitfacil.mx), un sitio creado especialmente para ti, donde puedes encontrar de forma clara y sencilla soluci\u00f3n a todas tus dudas relacionadas con el Instituto, los productos, servicios y programas que ofrece, c\u00f3mo acceder a ellos, los requisitos para tramitarlos y mucho m\u00e1s.<\/p>\n\n\n\n<p>***<\/p>\n","protected":false},"excerpt":{"rendered":"<p>\u2022 En mayo de este a\u00f1o cumplimos nuestro 50 aniversario y lo celebraremos durante todo&#8230;<\/p>\n","protected":false},"author":2,"featured_media":1076,"comment_status":"open","ping_status":"open","sticky":false,"template":"","format":"standard","meta":{"footnotes":""},"categories":[3,9],"tags":[],"jetpack_sharing_enabled":true,"featured_image_urls":{"full":"","thumbnail":"","medium":"","medium_large":"","large":"","1536x1536":"","2048x2048":"","covernews-slider-full":"","covernews-slider-center":"","covernews-featured":"","covernews-medium":"","covernews-medium-square":""},"author_info":{"display_name":"Miguel","author_link":"https:\/\/contextoanalisisperiodistico.com\/index.php\/author\/editor\/"},"category_info":"<a href=\"https:\/\/contextoanalisisperiodistico.com\/index.php\/category\/ciudad\/\" rel=\"category tag\">Ciudad<\/a> <a href=\"https:\/\/contextoanalisisperiodistico.com\/index.php\/category\/politica\/\" rel=\"category tag\">Pol\u00edtica<\/a>","tag_info":"Pol\u00edtica","comment_count":"0","jetpack_featured_media_url":"","_links":{"self":[{"href":"https:\/\/contextoanalisisperiodistico.com\/index.php\/wp-json\/wp\/v2\/posts\/1077"}],"collection":[{"href":"https:\/\/contextoanalisisperiodistico.com\/index.php\/wp-json\/wp\/v2\/posts"}],"about":[{"href":"https:\/\/contextoanalisisperiodistico.com\/index.php\/wp-json\/wp\/v2\/types\/post"}],"author":[{"embeddable":true,"href":"https:\/\/contextoanalisisperiodistico.com\/index.php\/wp-json\/wp\/v2\/users\/2"}],"replies":[{"embeddable":true,"href":"https:\/\/contextoanalisisperiodistico.com\/index.php\/wp-json\/wp\/v2\/comments?post=1077"}],"version-history":[{"count":0,"href":"https:\/\/contextoanalisisperiodistico.com\/index.php\/wp-json\/wp\/v2\/posts\/1077\/revisions"}],"wp:featuredmedia":[{"embeddable":true,"href":"https:\/\/contextoanalisisperiodistico.com\/index.php\/wp-json\/"}],"wp:attachment":[{"href":"https:\/\/contextoanalisisperiodistico.com\/index.php\/wp-json\/wp\/v2\/media?parent=1077"}],"wp:term":[{"taxonomy":"category","embeddable":true,"href":"https:\/\/contextoanalisisperiodistico.com\/index.php\/wp-json\/wp\/v2\/categories?post=1077"},{"taxonomy":"post_tag","embeddable":true,"href":"https:\/\/contextoanalisisperiodistico.com\/index.php\/wp-json\/wp\/v2\/tags?post=1077"}],"curies":[{"name":"wp","href":"https:\/\/api.w.org\/{rel}","templated":true}]}}