{"id":10644,"date":"2023-03-21T23:42:13","date_gmt":"2023-03-22T05:42:13","guid":{"rendered":"https:\/\/contextoanalisisperiodistico.com\/?p=10644"},"modified":"2023-03-21T23:42:18","modified_gmt":"2023-03-22T05:42:18","slug":"hasta-el-ultimo-segundola-voracidad-fallida-deuriel-diaz-caballero","status":"publish","type":"post","link":"https:\/\/contextoanalisisperiodistico.com\/index.php\/2023\/03\/21\/hasta-el-ultimo-segundola-voracidad-fallida-deuriel-diaz-caballero\/","title":{"rendered":"Hasta el \u00faltimo segundo,<br>la voracidad fallida de<br>Uriel D\u00edaz Caballero"},"content":{"rendered":"<div id=\"fb-root\"><\/div>\n\n<p>Mario GIR\u00d3N \/ Jaime GARC\u00cdA<\/p>\n\n\n\n<p>Por tratarse de un adulto mayor con visibles altas y bajas en salud mental a ra\u00edz de conocer el poder pol\u00edtico y econ\u00f3mico a trav\u00e9s de la traici\u00f3n, no solo para con su creador, Heriberto Pazos Ortiz (+), sino contra el movimiento ind\u00edgena, agrupado en el Partido Unidad Popular (PUP), Uriel D\u00edaz Caballero perdi\u00f3 todo y de paso, fue corrido, expulsado y pateado vergonzosamente tras un mandato de tinte negro, rojo, ejecuciones y un retroceso de 13 a\u00f1os en una instituci\u00f3n pol\u00edtica \u00fanica en Latinoam\u00e9rica.<br>Solo a un personaje, v\u00edctima de un poder mal ejercido, ejecutado solo para con \u00e9l y su gavilla de c\u00f3mplices, disponiendo arbitrariamente del control del PUP, traicionando ideales del fundador Heriberto Pazos Ortiz, haciendo como que presionaban para el esclarecimiento del asesinato de un l\u00edder nato, D\u00edaz Caballero se perd\u00eda y disminu\u00eda su salud mental conforme transcurr\u00eda cada segundo, minutos, horas, d\u00edas, semanas, meses y a\u00f1os mal representados en materia partidista.<br>Vean si no est\u00e1 mal o extraviado de la coherencia al interior de su cabecita blanca:<br>Las neuronas volvieron a fallarle una vez m\u00e1s. Pensaba reelegirse en momento \u00e1lgidos, dif\u00edciles cuando la mayor\u00eda no lo quer\u00eda por nuevo tiempo al frente del PUP. Una mente sana, fresca, honesta e inteligente, le hubiera ofrecido el mejor consejo de vida: retirarse con prudencia, entregar sin pleitos, pero con bolsillos llenos de poder adquisitivo.<br>Pero no. Tras 13 a\u00f1os en la dirigencia, intent\u00f3 colgarse en la reelecci\u00f3n a trav\u00e9s del mandato del Tribunal Estatal Electoral de Oaxaca, orden\u00e1ndole convocar a una asamblea general para elegir directiva. Volvi\u00f3 a confundirse, a equivocarse, pensando que la conclusi\u00f3n obligatoria del TEEO era para que se quedara m\u00e1s tiempo al frente del PUP.<br>A pesar que se trataba de un dirigente pol\u00edtico inhabilitado de sus funciones por el \u00e9xito de justicia alcanzada por dos denuncias por violencia de g\u00e9nero que se impusieron en los tribunales, Uriel D\u00edaz Caballero no solo se vio obligado a obedecer el ordenamiento de la ley Electoral oblig\u00e1ndolo a convocar elecciones, de paso, intento reelegirse, sin embargo, la ambici\u00f3n no solo lo llev\u00f3 a cometer otro error importante, sino a ser vapuleado, expulsado pateado y barrido como basura de un partido pol\u00edtico al que estuvo a punto de desaparecer.<br>Por ejemplo, el nombre de Uriel D\u00edaz Caballero apareci\u00f3 en una planilla de supuesta unidad en supuesta asamblea fue destruida por su misma ambici\u00f3n y trampa; su apetito voraz, fuera de control, en aras de perpetuarse en el poder, al frente del PUP, al que poco a poco fue eliminando del panorama pol\u00edtico y electoral de Oaxaca.<br>En una supuesta asamblea estatal, con supuestos participantes y supuestos votos, hab\u00edan votado por Uriel D\u00edaz Caballero como presidente del PUP; Secretario General, Ian Pavel Mart\u00ednez Cruz; Secretar\u00eda de Organizaci\u00f3n, Liliana Ram\u00edrez Z\u00e1rate. Y as\u00ed, una larga lista, con nombres de mujeres y hombres c\u00f3mplices de un movimiento saqueador, el cual, gracias a la verdad, se vieron obligados a un aborto en lo oscurito.<br>El Tribunal Estatal Electoral de Oaxaca impidi\u00f3 que nuevo monstruo, mitad viejo mitad corrupto, viera luz para seguir disfrutando lo poco que quedaba del PUP, \u00fanico partido ind\u00edgena en Latinoamericano, devorado por un insaciable ind\u00edgena, expulsado, corrido, barrido de una organizaci\u00f3n al que estuvo a un paso de sepultarlo.<\/p>\n\n\n\n<figure class=\"wp-block-image size-large\"><img decoding=\"async\" src=\"https:\/\/contextoanalisisperiodistico.com\/wp-content\/uploads\/2023\/03\/screenshot_20230321_233308_gallery550069317667984556.jpg\" alt=\"\" class=\"wp-image-10646\"\/><\/figure>\n","protected":false},"excerpt":{"rendered":"<p>Mario GIR\u00d3N \/ Jaime GARC\u00cdA Por tratarse de un adulto mayor con visibles altas y&#8230;<\/p>\n","protected":false},"author":4,"featured_media":0,"comment_status":"open","ping_status":"open","sticky":false,"template":"","format":"standard","meta":{"footnotes":""},"categories":[9],"tags":[],"jetpack_sharing_enabled":true,"featured_image_urls":{"full":"","thumbnail":"","medium":"","medium_large":"","large":"","1536x1536":"","2048x2048":"","covernews-slider-full":"","covernews-slider-center":"","covernews-featured":"","covernews-medium":"","covernews-medium-square":""},"author_info":{"display_name":"Mario Gir\u00f3n","author_link":"https:\/\/contextoanalisisperiodistico.com\/index.php\/author\/director\/"},"category_info":"<a href=\"https:\/\/contextoanalisisperiodistico.com\/index.php\/category\/politica\/\" rel=\"category tag\">Pol\u00edtica<\/a>","tag_info":"Pol\u00edtica","comment_count":"0","jetpack_featured_media_url":"","_links":{"self":[{"href":"https:\/\/contextoanalisisperiodistico.com\/index.php\/wp-json\/wp\/v2\/posts\/10644"}],"collection":[{"href":"https:\/\/contextoanalisisperiodistico.com\/index.php\/wp-json\/wp\/v2\/posts"}],"about":[{"href":"https:\/\/contextoanalisisperiodistico.com\/index.php\/wp-json\/wp\/v2\/types\/post"}],"author":[{"embeddable":true,"href":"https:\/\/contextoanalisisperiodistico.com\/index.php\/wp-json\/wp\/v2\/users\/4"}],"replies":[{"embeddable":true,"href":"https:\/\/contextoanalisisperiodistico.com\/index.php\/wp-json\/wp\/v2\/comments?post=10644"}],"version-history":[{"count":1,"href":"https:\/\/contextoanalisisperiodistico.com\/index.php\/wp-json\/wp\/v2\/posts\/10644\/revisions"}],"predecessor-version":[{"id":10647,"href":"https:\/\/contextoanalisisperiodistico.com\/index.php\/wp-json\/wp\/v2\/posts\/10644\/revisions\/10647"}],"wp:attachment":[{"href":"https:\/\/contextoanalisisperiodistico.com\/index.php\/wp-json\/wp\/v2\/media?parent=10644"}],"wp:term":[{"taxonomy":"category","embeddable":true,"href":"https:\/\/contextoanalisisperiodistico.com\/index.php\/wp-json\/wp\/v2\/categories?post=10644"},{"taxonomy":"post_tag","embeddable":true,"href":"https:\/\/contextoanalisisperiodistico.com\/index.php\/wp-json\/wp\/v2\/tags?post=10644"}],"curies":[{"name":"wp","href":"https:\/\/api.w.org\/{rel}","templated":true}]}}