{"id":10627,"date":"2023-03-21T18:42:41","date_gmt":"2023-03-22T00:42:41","guid":{"rendered":"https:\/\/contextoanalisisperiodistico.com\/?p=10627"},"modified":"2023-03-21T18:42:51","modified_gmt":"2023-03-22T00:42:51","slug":"no-hay-mejor-manera-de-honrar-la-memoria-de-benito-juarez-que-con-su-ejemplo-fmn","status":"publish","type":"post","link":"https:\/\/contextoanalisisperiodistico.com\/index.php\/2023\/03\/21\/no-hay-mejor-manera-de-honrar-la-memoria-de-benito-juarez-que-con-su-ejemplo-fmn\/","title":{"rendered":"No hay mejor manera de honrar la memoria de Benito Ju\u00e1rez, que con su ejemplo: FMN"},"content":{"rendered":"<div id=\"fb-root\"><\/div>\n\n<p>\u2022 El municipio de Oaxaca de Ju\u00e1rez conmemor\u00f3, la ma\u00f1ana de este 21 de marzo, el 217 aniversario del natalicio de Benito Pablo Ju\u00e1rez Garc\u00eda.<\/p>\n\n\n\n<p>Oaxaca de Ju\u00e1rez, Oax., a 21 de marzo de 2023.- Reafirmando el legado del \u00abBenem\u00e9rito de las Am\u00e9ricas\u00bb, y la promoci\u00f3n de los derechos c\u00edvicos, el gobierno municipal de Oaxaca de Ju\u00e1rez conmemor\u00f3 el 217 aniversario del natalicio de Benito Pablo Ju\u00e1rez Garc\u00eda, al pie del monumento erigido en su honor en el Paseo Ju\u00e1rez \u201cEl Llano\u201d, ceremonia encabezada por el presidente municipal, Francisco Mart\u00ednez Neri.<\/p>\n\n\n\n<p>En la ceremonia c\u00edvica estuvieron presentes la presidenta municipal del municipio Benito Ju\u00e1rez, en el estado de Quintana Roo, Ana Patricia Peralta de la Pe\u00f1a; la presidenta municipal de Acapulco de Ju\u00e1rez, del estado de Guerrero, Abelina L\u00f3pez Rodr\u00edguez, el presidente municipal de Jojutla de Ju\u00e1rez, Morelos, Juan \u00c1ngel Flores Bustamante, las y los concejales del municipio capitalino, servidoras p\u00fablicas y servidores p\u00fablicos municipales, el mun\u00edcipe destac\u00f3 que no hay mejor manera de honrar la memoria de Benito Ju\u00e1rez, que seguir su ejemplo.<\/p>\n\n\n\n<p>\u201cProcurando siempre que prevalezca el Estado de derecho, fortaleciendo las instituciones, fomentando la tolerancia y los valores democr\u00e1ticos y cumpliendo con los deberes y obligaciones de servir al pueblo\u201d, puntualiz\u00f3.<\/p>\n\n\n\n<p>Asimismo, refiri\u00f3 que los tiempos de transformaci\u00f3n que vive M\u00e9xico, bajo el liderazgo del presidente de nuestro pa\u00eds, Andr\u00e9s Manuel L\u00f3pez obrador, exigen compromiso y una lucha permanente para que los cambios sociales y pol\u00edticos tengan continuidad. \u201cSin duda, requerimos redoblar esfuerzos para su consolidaci\u00f3n\u201d, acot\u00f3.<\/p>\n\n\n\n<p>En su intervenci\u00f3n, las presidentas municipales de Benito Ju\u00e1rez, Quintana Roo; Acapulco de Ju\u00e1rez, Guerrero, y el presidente municipal de Jojutla de Ju\u00e1rez, Morelos, destacaron la vida y obra de este c\u00e9lebre oaxaque\u00f1o, invitando a los presentes a contribuir con respeto y responsabilidad en sus quehaceres diarios, con la firme certeza de que con acciones responsables se puede cambiar el entorno de un municipio, estado y pa\u00eds.<\/p>\n\n\n\n<p>Al t\u00e9rmino de la ceremonia, el primer concejal, sus hom\u00f3logas y hom\u00f3logo, as\u00ed como las y los concejales del municipio capitalino, colocaron una ofrenda floral y montaron una guardia de honor en el monumento erigido en honor al c\u00e9lebre patriota que promulg\u00f3 las Leyes de Reforma.<\/p>\n\n\n\n<figure class=\"wp-block-image size-large\"><img decoding=\"async\" src=\"https:\/\/contextoanalisisperiodistico.com\/wp-content\/uploads\/2023\/03\/img-20230321-wa00945933064097179866227-1024x683.jpg\" alt=\"\" class=\"wp-image-10629\"\/><\/figure>\n\n\n\n<figure class=\"wp-block-image\"><img decoding=\"async\" src=\"https:\/\/contextoanalisisperiodistico.com\/wp-content\/uploads\/2023\/03\/img-20230321-wa00929115532764509444018-1024x698.jpg\" alt=\"\" class=\"wp-image-10630\"\/><\/figure>\n\n\n\n<figure class=\"wp-block-image\"><img decoding=\"async\" src=\"https:\/\/contextoanalisisperiodistico.com\/wp-content\/uploads\/2023\/03\/img-20230321-wa00954876128204871763228-1024x683.jpg\" alt=\"\" class=\"wp-image-10631\"\/><\/figure>\n","protected":false},"excerpt":{"rendered":"<p>\u2022 El municipio de Oaxaca de Ju\u00e1rez conmemor\u00f3, la ma\u00f1ana de este 21 de marzo,&#8230;<\/p>\n","protected":false},"author":4,"featured_media":0,"comment_status":"open","ping_status":"open","sticky":false,"template":"","format":"standard","meta":{"footnotes":""},"categories":[9],"tags":[],"jetpack_sharing_enabled":true,"featured_image_urls":{"full":"","thumbnail":"","medium":"","medium_large":"","large":"","1536x1536":"","2048x2048":"","covernews-slider-full":"","covernews-slider-center":"","covernews-featured":"","covernews-medium":"","covernews-medium-square":""},"author_info":{"display_name":"Mario Gir\u00f3n","author_link":"https:\/\/contextoanalisisperiodistico.com\/index.php\/author\/director\/"},"category_info":"<a href=\"https:\/\/contextoanalisisperiodistico.com\/index.php\/category\/politica\/\" rel=\"category tag\">Pol\u00edtica<\/a>","tag_info":"Pol\u00edtica","comment_count":"0","jetpack_featured_media_url":"","_links":{"self":[{"href":"https:\/\/contextoanalisisperiodistico.com\/index.php\/wp-json\/wp\/v2\/posts\/10627"}],"collection":[{"href":"https:\/\/contextoanalisisperiodistico.com\/index.php\/wp-json\/wp\/v2\/posts"}],"about":[{"href":"https:\/\/contextoanalisisperiodistico.com\/index.php\/wp-json\/wp\/v2\/types\/post"}],"author":[{"embeddable":true,"href":"https:\/\/contextoanalisisperiodistico.com\/index.php\/wp-json\/wp\/v2\/users\/4"}],"replies":[{"embeddable":true,"href":"https:\/\/contextoanalisisperiodistico.com\/index.php\/wp-json\/wp\/v2\/comments?post=10627"}],"version-history":[{"count":1,"href":"https:\/\/contextoanalisisperiodistico.com\/index.php\/wp-json\/wp\/v2\/posts\/10627\/revisions"}],"predecessor-version":[{"id":10632,"href":"https:\/\/contextoanalisisperiodistico.com\/index.php\/wp-json\/wp\/v2\/posts\/10627\/revisions\/10632"}],"wp:attachment":[{"href":"https:\/\/contextoanalisisperiodistico.com\/index.php\/wp-json\/wp\/v2\/media?parent=10627"}],"wp:term":[{"taxonomy":"category","embeddable":true,"href":"https:\/\/contextoanalisisperiodistico.com\/index.php\/wp-json\/wp\/v2\/categories?post=10627"},{"taxonomy":"post_tag","embeddable":true,"href":"https:\/\/contextoanalisisperiodistico.com\/index.php\/wp-json\/wp\/v2\/tags?post=10627"}],"curies":[{"name":"wp","href":"https:\/\/api.w.org\/{rel}","templated":true}]}}