{"id":10603,"date":"2023-03-21T12:50:23","date_gmt":"2023-03-21T18:50:23","guid":{"rendered":"https:\/\/contextoanalisisperiodistico.com\/index.php\/2023\/03\/21\/municipio-oaxaca-de-juarez-no-solapara-servidores-aprovechando-el-cargo-para-beneficio-personal\/"},"modified":"2023-03-21T12:50:23","modified_gmt":"2023-03-21T18:50:23","slug":"municipio-oaxaca-de-juarez-no-solapara-servidores-aprovechando-el-cargo-para-beneficio-personal","status":"publish","type":"post","link":"https:\/\/contextoanalisisperiodistico.com\/index.php\/2023\/03\/21\/municipio-oaxaca-de-juarez-no-solapara-servidores-aprovechando-el-cargo-para-beneficio-personal\/","title":{"rendered":"Municipio Oaxaca de Ju\u00e1rez no solapar\u00e1 servidores aprovechando el cargo para beneficio personal"},"content":{"rendered":"<div id=\"fb-root\"><\/div>\n\n<p>\u25cfNo habr\u00e1 impunidad en ning\u00fan caso de corrupci\u00f3n, aseguran <\/p>\n","protected":false},"excerpt":{"rendered":"<p>\u25cfNo habr\u00e1 impunidad en ning\u00fan caso de corrupci\u00f3n, aseguran<\/p>\n","protected":false},"author":4,"featured_media":0,"comment_status":"open","ping_status":"open","sticky":false,"template":"","format":"standard","meta":{"footnotes":""},"categories":[9],"tags":[],"jetpack_sharing_enabled":true,"featured_image_urls":{"full":"","thumbnail":"","medium":"","medium_large":"","large":"","1536x1536":"","2048x2048":"","covernews-slider-full":"","covernews-slider-center":"","covernews-featured":"","covernews-medium":"","covernews-medium-square":""},"author_info":{"display_name":"Mario Gir\u00f3n","author_link":"https:\/\/contextoanalisisperiodistico.com\/index.php\/author\/director\/"},"category_info":"<a href=\"https:\/\/contextoanalisisperiodistico.com\/index.php\/category\/politica\/\" rel=\"category tag\">Pol\u00edtica<\/a>","tag_info":"Pol\u00edtica","comment_count":"0","jetpack_featured_media_url":"","_links":{"self":[{"href":"https:\/\/contextoanalisisperiodistico.com\/index.php\/wp-json\/wp\/v2\/posts\/10603"}],"collection":[{"href":"https:\/\/contextoanalisisperiodistico.com\/index.php\/wp-json\/wp\/v2\/posts"}],"about":[{"href":"https:\/\/contextoanalisisperiodistico.com\/index.php\/wp-json\/wp\/v2\/types\/post"}],"author":[{"embeddable":true,"href":"https:\/\/contextoanalisisperiodistico.com\/index.php\/wp-json\/wp\/v2\/users\/4"}],"replies":[{"embeddable":true,"href":"https:\/\/contextoanalisisperiodistico.com\/index.php\/wp-json\/wp\/v2\/comments?post=10603"}],"version-history":[{"count":0,"href":"https:\/\/contextoanalisisperiodistico.com\/index.php\/wp-json\/wp\/v2\/posts\/10603\/revisions"}],"wp:attachment":[{"href":"https:\/\/contextoanalisisperiodistico.com\/index.php\/wp-json\/wp\/v2\/media?parent=10603"}],"wp:term":[{"taxonomy":"category","embeddable":true,"href":"https:\/\/contextoanalisisperiodistico.com\/index.php\/wp-json\/wp\/v2\/categories?post=10603"},{"taxonomy":"post_tag","embeddable":true,"href":"https:\/\/contextoanalisisperiodistico.com\/index.php\/wp-json\/wp\/v2\/tags?post=10603"}],"curies":[{"name":"wp","href":"https:\/\/api.w.org\/{rel}","templated":true}]}}