{"id":10586,"date":"2023-03-21T09:43:42","date_gmt":"2023-03-21T15:43:42","guid":{"rendered":"https:\/\/contextoanalisisperiodistico.com\/?p=10586"},"modified":"2023-03-21T09:43:48","modified_gmt":"2023-03-21T15:43:48","slug":"lo-que-no-servia-y-apestaba-en-el-secuestrado-pup-fue-eliminado-mediante-jornada-de-tequio","status":"publish","type":"post","link":"https:\/\/contextoanalisisperiodistico.com\/index.php\/2023\/03\/21\/lo-que-no-servia-y-apestaba-en-el-secuestrado-pup-fue-eliminado-mediante-jornada-de-tequio\/","title":{"rendered":"Lo que no serv\u00eda y apestaba en el secuestrado PUP fue eliminado mediante jornada de tequio"},"content":{"rendered":"<div id=\"fb-root\"><\/div>\n\n<p>(*) Y como siempre lo subray\u00f3 su fundador: Heriberto Pazos Ortiz (+), hoy m\u00e1s que nunca, \u201cUnidad Popular seguir\u00e1 siendo voz de los que nunca han sido escuchados\u201d<\/p>\n\n\n\n<p><br>Mario GIR\u00d3N \/ Jaime GARC\u00cdA<br>Con toda la fuerza de un destino empezando a iluminar el presente del Partido Unidad Popular (PUP) y, en donde la corriente de su militancia puso punto final a la negra noche que embargaba al primer partido ind\u00edgena a nivel Latinoam\u00e9rica, ahora, con una importante jornada de tequio en lo que se conoce como la casa del pueblo \u201cHeriberto Pazos Ortiz\u201d, arrancaron una nueva semana de trabajo.<\/p>\n\n\n\n<p><br>Encabezados por la nueva dirigencia surgida de una planilla de unidad, liderada por Sa\u00fal Pazos Pineda, este lunes la militancia del partido ind\u00edgena se convirtieron en nuevo ejemplo de unidad y trabajo en equipo desde la casa sede del PUP, desde donde ya despachan como no se hab\u00eda visto en los \u00faltimos 13 a\u00f1os.<\/p>\n\n\n\n<p><br>Mientras Sa\u00fal Pazos Pineda encabezada a un grupo de trabajo, en otra coordenada, Eleazar Ortiz, en calidad de secretario general del PUP, al igual de una leal y comprometida militancia de la organizaci\u00f3n social 23 de Octubre, liderada por Alejandro Escobar, con orgullo y decisi\u00f3n limpiaban, y lanzaban al fuego carrizo y yerba mala la cual nunca dej\u00f3 de crecer y multiplicarse a lo largo y ancho de 13 a\u00f1os.<\/p>\n\n\n\n<p><br>Se cumpli\u00f3, alcanzaron el objetivo de limpieza:<br>Barrieron todo lo malo, lo muerto que ya apestaba. Eliminaron la porquer\u00eda. Al fuego lo que no sirve y perjudicaba. Se marcharon los malos recuerdos, el recuerdo de tristeza, saqueo y corrupci\u00f3n. Una buena barrida entre muchas, muchas manos, limpio la casa que durante m\u00e1s de dos sexenios fue mancillada. Tambi\u00e9n fue lavada. Solo as\u00ed borraron el maquillaje que escond\u00eda un verdadero rostro apartado, muy lejos de la verdadera causa ind\u00edgena.<\/p>\n\n\n\n<p><br>O como mejor lo narra, el liderazgo de la 23 de Octubre, Alejandro Escobar:<\/p>\n\n\n\n<p><br>\u201cSe logr\u00f3, a pesar del secuestro a las instalaciones, por parte de un gavilla de bandidos, logramos recomponer y darle vida al partido, el saqueo y deterioro que le dejaron al pueblo, se vio rebasado por la participaci\u00f3n de la gente, no nos da miedo empezar de cero aprendimos hacerlo al lado de Heriberto Pazos, con la construcci\u00f3n del partido, ante el rechazo en su momento de todos los institutos pol\u00edticos (PRI, PAN, PRD entr\u00f3 otros), seg\u00fan ellos por el motivo de que \u201c los pobres y los ind\u00edgenas s\u00f3lo deben servir para votar y no para ser votados\u201d, la formaci\u00f3n de la Organizaci\u00f3n Social 23 de Octubre, tambi\u00e9n empez\u00f3 de cero y precisamente remamos en contra del desprestigio de quien solo ha dividido al pueblo, hoy queremos decirles a nuestros compa\u00f1eros del Comit\u00e9 Ejecutivo de Unidad Popular, a Sa\u00fal Pazos y Eleazar Ram\u00edrez que no est\u00e1n solos, que el tiempo nos ha dado la raz\u00f3n\u201d.<\/p>\n\n\n\n<p><br>\u201cGracias a todas y todos, quienes hicieron posible este tequio, para dignificar las oficinas de la que fue y seguir\u00e1 siendo la casa del pueblo, un proyecto como lo dec\u00eda nuestro dirigente, Heriberto Pazos, \u201cUnidad Popular es la voz de los que nunca han sido escuchados\u201d.<\/p>\n\n\n\n<figure class=\"wp-block-image size-large\"><img decoding=\"async\" src=\"https:\/\/contextoanalisisperiodistico.com\/wp-content\/uploads\/2023\/03\/fb_img_16794090196568487863082471083351.jpg\" alt=\"\" class=\"wp-image-10591\"\/><\/figure>\n\n\n\n<figure class=\"wp-block-image\"><img decoding=\"async\" src=\"https:\/\/contextoanalisisperiodistico.com\/wp-content\/uploads\/2023\/03\/fb_img_16794089931538970552031022206881-225x300.jpg\" alt=\"\" class=\"wp-image-10590\"\/><\/figure>\n\n\n\n<figure class=\"wp-block-image\"><img decoding=\"async\" src=\"https:\/\/contextoanalisisperiodistico.com\/wp-content\/uploads\/2023\/03\/fb_img_16794089979514587509946282636164-225x300.jpg\" alt=\"\" class=\"wp-image-10592\"\/><\/figure>\n\n\n\n<figure class=\"wp-block-image\"><img decoding=\"async\" src=\"https:\/\/contextoanalisisperiodistico.com\/wp-content\/uploads\/2023\/03\/fb_img_16794089888056702440478919921434-225x300.jpg\" alt=\"\" class=\"wp-image-10589\"\/><\/figure>\n\n\n\n<figure class=\"wp-block-image\"><img decoding=\"async\" src=\"https:\/\/contextoanalisisperiodistico.com\/wp-content\/uploads\/2023\/03\/fb_img_16794089836922528021051598751846-225x300.jpg\" alt=\"\" class=\"wp-image-10588\"\/><\/figure>\n","protected":false},"excerpt":{"rendered":"<p>(*) Y como siempre lo subray\u00f3 su fundador: Heriberto Pazos Ortiz (+), hoy m\u00e1s que&#8230;<\/p>\n","protected":false},"author":4,"featured_media":0,"comment_status":"open","ping_status":"open","sticky":false,"template":"","format":"standard","meta":{"footnotes":""},"categories":[9],"tags":[],"jetpack_sharing_enabled":true,"featured_image_urls":{"full":"","thumbnail":"","medium":"","medium_large":"","large":"","1536x1536":"","2048x2048":"","covernews-slider-full":"","covernews-slider-center":"","covernews-featured":"","covernews-medium":"","covernews-medium-square":""},"author_info":{"display_name":"Mario Gir\u00f3n","author_link":"https:\/\/contextoanalisisperiodistico.com\/index.php\/author\/director\/"},"category_info":"<a href=\"https:\/\/contextoanalisisperiodistico.com\/index.php\/category\/politica\/\" rel=\"category tag\">Pol\u00edtica<\/a>","tag_info":"Pol\u00edtica","comment_count":"0","jetpack_featured_media_url":"","_links":{"self":[{"href":"https:\/\/contextoanalisisperiodistico.com\/index.php\/wp-json\/wp\/v2\/posts\/10586"}],"collection":[{"href":"https:\/\/contextoanalisisperiodistico.com\/index.php\/wp-json\/wp\/v2\/posts"}],"about":[{"href":"https:\/\/contextoanalisisperiodistico.com\/index.php\/wp-json\/wp\/v2\/types\/post"}],"author":[{"embeddable":true,"href":"https:\/\/contextoanalisisperiodistico.com\/index.php\/wp-json\/wp\/v2\/users\/4"}],"replies":[{"embeddable":true,"href":"https:\/\/contextoanalisisperiodistico.com\/index.php\/wp-json\/wp\/v2\/comments?post=10586"}],"version-history":[{"count":1,"href":"https:\/\/contextoanalisisperiodistico.com\/index.php\/wp-json\/wp\/v2\/posts\/10586\/revisions"}],"predecessor-version":[{"id":10593,"href":"https:\/\/contextoanalisisperiodistico.com\/index.php\/wp-json\/wp\/v2\/posts\/10586\/revisions\/10593"}],"wp:attachment":[{"href":"https:\/\/contextoanalisisperiodistico.com\/index.php\/wp-json\/wp\/v2\/media?parent=10586"}],"wp:term":[{"taxonomy":"category","embeddable":true,"href":"https:\/\/contextoanalisisperiodistico.com\/index.php\/wp-json\/wp\/v2\/categories?post=10586"},{"taxonomy":"post_tag","embeddable":true,"href":"https:\/\/contextoanalisisperiodistico.com\/index.php\/wp-json\/wp\/v2\/tags?post=10586"}],"curies":[{"name":"wp","href":"https:\/\/api.w.org\/{rel}","templated":true}]}}