{"id":10572,"date":"2023-03-21T08:06:47","date_gmt":"2023-03-21T14:06:47","guid":{"rendered":"https:\/\/contextoanalisisperiodistico.com\/?p=10572"},"modified":"2023-03-21T08:07:13","modified_gmt":"2023-03-21T14:07:13","slug":"coadyuva-dif-oaxaca-en-atencion-del-caso-de-estudiante-de-tututepec","status":"publish","type":"post","link":"https:\/\/contextoanalisisperiodistico.com\/index.php\/2023\/03\/21\/coadyuva-dif-oaxaca-en-atencion-del-caso-de-estudiante-de-tututepec\/","title":{"rendered":"Coadyuva DIF Oaxaca en atenci\u00f3n del caso de estudiante de Tututepec"},"content":{"rendered":"<div id=\"fb-root\"><\/div>\n\n<p>\u2022 La Prodennao colabora desde el \u00e1mbito de su competencia en la atenci\u00f3n a este asunto para garantizar los derechos de la adolescente y de todo el alumnado del plantel escolar<\/p>\n\n\n\n<p>Oaxaca de Ju\u00e1rez, Oax. 20 de marzo de 2023.- El Sistema para el Desarrollo Integral de la Familia (DIF) estatal por conducto de la Procuradur\u00eda Estatal de Protecci\u00f3n de los Derechos de Ni\u00f1as, Ni\u00f1os y Adolescentes del Estado de Oaxaca (Prodennao), coadyuva desde el \u00e1mbito de su competencia en el caso de la estudiante del primer grado en la Escuela Telesecundaria \u201cJos\u00e9 Vasconcelos\u201d de la comunidad de San Jos\u00e9 Manialtepec, perteneciente a la Villa de Tututepec de Melchor Ocampo, quien fue vulnerada en su derecho a la educaci\u00f3n y a la no discriminaci\u00f3n.<\/p>\n\n\n\n<p>El organismo dependiente del Sistema DIF, indic\u00f3 que se ha mantenido atento desde el primer d\u00eda al caso, luego de que a la adolescente le fue impedido el ingreso al plantel educativo y el acceso a clases por vestir pantal\u00f3n en lugar de la falda del uniforme.<\/p>\n\n\n\n<p>El 16 de marzo de 2023, la Procuradur\u00eda emiti\u00f3 el oficio SDIFO\/PRODENNAO\/SPE\/176\/2023 para solicitar medidas de protecci\u00f3n y garantizar el derecho fundamental a la educaci\u00f3n y a la no discriminaci\u00f3n de la adolescente, as\u00ed como de todo el alumnado del plantel, debido a que las clases se encuentran suspendidas.<\/p>\n\n\n\n<p>Tambi\u00e9n, requiri\u00f3 garantizar el derecho a la no discriminaci\u00f3n mediante el acceso de la adolescente al plantel escolar, sin condici\u00f3n alguna; garantizarle el derecho a una vida libre de violencia mediante medidas pertinentes y eficaces para que se resguarde su integridad f\u00edsica y psicol\u00f3gica.<\/p>\n\n\n\n<p>Asimismo, por vulnerarle su derecho al libre desarrollo de la personalidad, consagrado en la Declaraci\u00f3n Universal de los Derechos Humanos en sus art\u00edculos: uno, 22 y 26, en los que se establece que \u201cla educaci\u00f3n tiene por objeto el pleno desarrollo de la personalidad humana y el fortalecimiento del respeto a los derechos humanos y las libertades fundamentales\u201d.<\/p>\n\n\n\n<p>Por otra parte, emiti\u00f3 una solicitud a la autoridad respectiva para que emprenda una serie de acciones que garantice el acceso a clases de la estudiante, ya que desde el 17 de enero le impiden su ingreso al plantel, as\u00ed como a la comunidad escolar, ya que las clases se encuentran suspendidas.<\/p>\n\n\n\n<p>Asimismo, pidi\u00f3 que se observen las medidas necesarias para concientizar a padres, madres de la familia y al alumnado sobre los derechos fundamentales que se ven vulnerados en estos casos.<\/p>\n\n\n\n<p>La Prodenao explic\u00f3 que, se mantiene atenta a coadyuvar en los esfuerzos con los organismos e instituciones estatales, para lograr una soluci\u00f3n en este asunto y garantizar el respeto absoluto a los derechos de la estudiante.<\/p>\n\n\n\n<p>-0-<\/p>\n","protected":false},"excerpt":{"rendered":"<p>\u2022 La Prodennao colabora desde el \u00e1mbito de su competencia en la atenci\u00f3n a este&#8230;<\/p>\n","protected":false},"author":4,"featured_media":0,"comment_status":"open","ping_status":"open","sticky":false,"template":"","format":"standard","meta":{"footnotes":""},"categories":[9],"tags":[],"jetpack_sharing_enabled":true,"featured_image_urls":{"full":"","thumbnail":"","medium":"","medium_large":"","large":"","1536x1536":"","2048x2048":"","covernews-slider-full":"","covernews-slider-center":"","covernews-featured":"","covernews-medium":"","covernews-medium-square":""},"author_info":{"display_name":"Mario Gir\u00f3n","author_link":"https:\/\/contextoanalisisperiodistico.com\/index.php\/author\/director\/"},"category_info":"<a href=\"https:\/\/contextoanalisisperiodistico.com\/index.php\/category\/politica\/\" rel=\"category tag\">Pol\u00edtica<\/a>","tag_info":"Pol\u00edtica","comment_count":"0","jetpack_featured_media_url":"","_links":{"self":[{"href":"https:\/\/contextoanalisisperiodistico.com\/index.php\/wp-json\/wp\/v2\/posts\/10572"}],"collection":[{"href":"https:\/\/contextoanalisisperiodistico.com\/index.php\/wp-json\/wp\/v2\/posts"}],"about":[{"href":"https:\/\/contextoanalisisperiodistico.com\/index.php\/wp-json\/wp\/v2\/types\/post"}],"author":[{"embeddable":true,"href":"https:\/\/contextoanalisisperiodistico.com\/index.php\/wp-json\/wp\/v2\/users\/4"}],"replies":[{"embeddable":true,"href":"https:\/\/contextoanalisisperiodistico.com\/index.php\/wp-json\/wp\/v2\/comments?post=10572"}],"version-history":[{"count":1,"href":"https:\/\/contextoanalisisperiodistico.com\/index.php\/wp-json\/wp\/v2\/posts\/10572\/revisions"}],"predecessor-version":[{"id":10574,"href":"https:\/\/contextoanalisisperiodistico.com\/index.php\/wp-json\/wp\/v2\/posts\/10572\/revisions\/10574"}],"wp:attachment":[{"href":"https:\/\/contextoanalisisperiodistico.com\/index.php\/wp-json\/wp\/v2\/media?parent=10572"}],"wp:term":[{"taxonomy":"category","embeddable":true,"href":"https:\/\/contextoanalisisperiodistico.com\/index.php\/wp-json\/wp\/v2\/categories?post=10572"},{"taxonomy":"post_tag","embeddable":true,"href":"https:\/\/contextoanalisisperiodistico.com\/index.php\/wp-json\/wp\/v2\/tags?post=10572"}],"curies":[{"name":"wp","href":"https:\/\/api.w.org\/{rel}","templated":true}]}}