{"id":10566,"date":"2023-03-20T21:22:57","date_gmt":"2023-03-21T03:22:57","guid":{"rendered":"https:\/\/contextoanalisisperiodistico.com\/?p=10566"},"modified":"2023-03-20T22:33:06","modified_gmt":"2023-03-21T04:33:06","slug":"ayudar-a-personas-la-intencion-de-trabajo-de-la-afodepo-amanda-ruiz","status":"publish","type":"post","link":"https:\/\/contextoanalisisperiodistico.com\/index.php\/2023\/03\/20\/ayudar-a-personas-la-intencion-de-trabajo-de-la-afodepo-amanda-ruiz\/","title":{"rendered":"\u00abAyudar a personas, la intenci\u00f3n de trabajo de la Afodepo\u00bb: Amanda Ruiz Legaspi"},"content":{"rendered":"<div id=\"fb-root\"><\/div>\n\n<p>(*) Todo el apoyo material para techar \u00e1rea de juego del preescolar \u201cNi\u00f1os H\u00e9roes<\/p>\n\n\n\n<p>Mario GIR\u00d3N<br \/>Santa Cruz Lachixolana, Suchilquitongo. \u2013Tienen necesidades, problemas por resolver que lastiman a 39 ni\u00f1os del preescolar \u201cNi\u00f1os H\u00e9roes. Sin embargo, lo preocupante, es que la ciudadana directora como madres de familia no saben ante qui\u00e9n o qui\u00e9nes acudir en busca de ayuda.<br \/>As\u00ed ha transcurrido el tiempo, mientras las inclemencias del tiempo, calor y lluvia, se encargan de hacer m\u00e1s pesada la existencia de ni\u00f1as y ni\u00f1os en un jard\u00edn de educaci\u00f3n formal en donde madres de familia decidieron no seguir en la pausa, contemplando, mientras los retos se agigantan en un espacio con derecho a mejor destino en beneficio de las y los peque\u00f1os alumnos.<br \/>Tocaron una puerta que sin dudarlo se les abri\u00f3 de par en par en la Asociaci\u00f3n para el Fomento y Desarrollo de los Pueblos de Oaxaca (AFODEPO) que con entusiasmo y compromiso social dirige en el valle de Etla, Amanda Ruiz Legaspi.<br \/>Hoy, a trav\u00e9s del liderazgo social de Ana Cristina L\u00f3pez Gonz\u00e1lez, originaria de esta agencia en donde funge de enlace con la AFODEPO, madres de familia encontraron el camino, la ruta de trabajo que los conducir\u00e1 a resolver un ancestral problema en la zona de juegos de los 39 alumnos.<br \/>Como la zona de esparcimiento se encuentra al aire libre, rayos solares no solo se encargan de elevar la temperatura de la base de la resbaladilla, columpios y carrusel, al mismo tiempo convierte en peligrosa para la salud, rayos solares cayendo a plomo sobre la fr\u00e1gil humanidad de la ni\u00f1ez. Y cuando llueve, los alumnos se quedan con ganas de llegar a la zona de diversi\u00f3n.<br \/>Una vez m\u00e1s, Amanda Ruiz Legaspi hace acto de presencia en donde se le necesita. A trav\u00e9s de su actitud comprometida con la causa social de quienes menos tienen en su comunidad, de la mano de Ana Cristina L\u00f3pez, atendieron la solicitud de madres de familia, por lo que esta ma\u00f1ana concretaron la entrega de suficientes l\u00e1minas, las cuales, originalmente, ser\u00edan utilizadas para techar un espacio en donde proyectaban trabajar la basura del preescolar, separando lo org\u00e1nico de lo inorg\u00e1nico.<br \/>Pero como las necesidades son demasiadas en el preescolar \u201cNi\u00f1os H\u00e9roes\u201d, en el \u00faltimo minuto decidieron que mejor se utilizar\u00e1n para proteger del sol y lluvia el espacio en donde los ni\u00f1os pasan importante tiempo de la jornada escolar.<br \/>Ahora, el nuevo proyecto requerir\u00e1 de m\u00e1s laminas, una necesidad material que prometi\u00f3 resolverles la dirigente de la AFODEPO, Amanda Ruiz Legaspi. Ofreci\u00f3 que, en las pr\u00f3ximas horas, una vez conocida la superficie para atender, \u201ctengan la seguridad que personalmente estar\u00e9 entreg\u00e1ndolas\u201d, garantiz\u00f3 la amiga y paisanas de madres de familia con necesidades por resolver en espacios educativos.<br \/>As\u00ed fue como la directora del preescolar \u201cNi\u00f1os H\u00e9roes\u201d, Cintia Reyes Samperio, agradeci\u00f3 y reconoci\u00f3 el ejemplo de unidad que se consum\u00f3 esta ma\u00f1ana entre las partes descritas. \u201cAgradecemos la ayuda, el apoyo con l\u00e1minas entregadas por la AFODEPO. Ahora ya sabemos en donde, encontrar apoyo. Tenemos muchos problemas materiales en la escuela, pero no sab\u00edamos ante qui\u00e9n o quienes acudir\u201d.<br \/>\u201cLo coment\u00f3 la presidenta de madres de familia: ten\u00edamos un proyecto original pero la necesidad que tenemos es tan grande que decidimos utilizar esas l\u00e1minas en la protecci\u00f3n de ni\u00f1as y ni\u00f1os contra las inclemencias del tiempo\u201d.<br \/>De su parte, la se\u00f1ora, Ivonne Denisse P\u00e9rez Ram\u00edrez, presidenta de madres de familia, destac\u00f3 que primero son los ni\u00f1os en el preescolar. Por lo que proteger\u00e1n el \u00e1rea de juegos de los alumnos con l\u00e1minas programadas para un proyecto de separaci\u00f3n de basura org\u00e1nica e inorg\u00e1nica\u201d.<br \/>Finalmente, Ruiz Legaspi, responsable de lograr que la sonrisa se convierta en un gesto m\u00e1s frecuente de agradecimiento en muchos rincones de Suchilquitongo y en el Valle de Etla, les inform\u00f3 que con Ana Cristina L\u00f3pez trabajan el tema de apoyar a comit\u00e9s y la familia en esta importante agencia.<br \/>\u201cAgradezco la oportunidad de hacer sinergia con mi persona en la realizaci\u00f3n de una soluci\u00f3n para resolver un importante problema. Originalmente, la entrega de l\u00e1minas era para otro proyecto; sin embargo, ustedes decidieron otro final, proteger el \u00e1rea de juegos de los ni\u00f1os. Veo que no alcanzar\u00e1 lo entregado esta ma\u00f1ana. Seguir\u00e9 apoy\u00e1ndolas hasta concretar el objetivo\u201d, asegur\u00f3.<br \/>Frente a madres de familia escuchando con atenci\u00f3n a Ruiz Legaspi, la mujer que tiende la mano cuando se trata de causas justas, destac\u00f3 que seguir\u00e1 apoyando, en la medida de las posibilidades, a comit\u00e9s de madres y padres de familia, as\u00ed como a la ciudadan\u00eda en general:<br \/>\u201cSiempre estaremos en pro de hacer el beneficio para con las personas que se nos acerquen; siempre seremos la intensi\u00f3n de seguir ayudando a las personas; somos del mismo pueblo, ustedes son agencia de nuestra cabecera. Seguiremos trabajando en beneficio de nuestros ni\u00f1os y madres de familia. Siempre que lo soliciten, ah\u00ed estar\u00e9 tendiendo mi mano en donde se necesite.<\/p>\n\n\n\n<figure class=\"wp-block-video\"><video controls src=\"https:\/\/contextoanalisisperiodistico.com\/wp-content\/uploads\/2023\/03\/Mario-GirC3B3n-MC3A9ndez_20230320_2.mp4\"><\/video><\/figure>\n\n\n\n<figure class=\"wp-block-image size-large\"><img decoding=\"async\" src=\"https:\/\/contextoanalisisperiodistico.com\/wp-content\/uploads\/2023\/03\/20230320_0928431285595503470421690-1024x768.jpg\" alt=\"\" class=\"wp-image-10569\"\/><\/figure>\n","protected":false},"excerpt":{"rendered":"<p>(*) Todo el apoyo material para techar \u00e1rea de juego del preescolar \u201cNi\u00f1os H\u00e9roes Mario&#8230;<\/p>\n","protected":false},"author":4,"featured_media":0,"comment_status":"open","ping_status":"open","sticky":false,"template":"","format":"standard","meta":{"footnotes":""},"categories":[9],"tags":[],"jetpack_sharing_enabled":true,"featured_image_urls":{"full":"","thumbnail":"","medium":"","medium_large":"","large":"","1536x1536":"","2048x2048":"","covernews-slider-full":"","covernews-slider-center":"","covernews-featured":"","covernews-medium":"","covernews-medium-square":""},"author_info":{"display_name":"Mario Gir\u00f3n","author_link":"https:\/\/contextoanalisisperiodistico.com\/index.php\/author\/director\/"},"category_info":"<a href=\"https:\/\/contextoanalisisperiodistico.com\/index.php\/category\/politica\/\" rel=\"category tag\">Pol\u00edtica<\/a>","tag_info":"Pol\u00edtica","comment_count":"0","jetpack_featured_media_url":"","_links":{"self":[{"href":"https:\/\/contextoanalisisperiodistico.com\/index.php\/wp-json\/wp\/v2\/posts\/10566"}],"collection":[{"href":"https:\/\/contextoanalisisperiodistico.com\/index.php\/wp-json\/wp\/v2\/posts"}],"about":[{"href":"https:\/\/contextoanalisisperiodistico.com\/index.php\/wp-json\/wp\/v2\/types\/post"}],"author":[{"embeddable":true,"href":"https:\/\/contextoanalisisperiodistico.com\/index.php\/wp-json\/wp\/v2\/users\/4"}],"replies":[{"embeddable":true,"href":"https:\/\/contextoanalisisperiodistico.com\/index.php\/wp-json\/wp\/v2\/comments?post=10566"}],"version-history":[{"count":2,"href":"https:\/\/contextoanalisisperiodistico.com\/index.php\/wp-json\/wp\/v2\/posts\/10566\/revisions"}],"predecessor-version":[{"id":10571,"href":"https:\/\/contextoanalisisperiodistico.com\/index.php\/wp-json\/wp\/v2\/posts\/10566\/revisions\/10571"}],"wp:attachment":[{"href":"https:\/\/contextoanalisisperiodistico.com\/index.php\/wp-json\/wp\/v2\/media?parent=10566"}],"wp:term":[{"taxonomy":"category","embeddable":true,"href":"https:\/\/contextoanalisisperiodistico.com\/index.php\/wp-json\/wp\/v2\/categories?post=10566"},{"taxonomy":"post_tag","embeddable":true,"href":"https:\/\/contextoanalisisperiodistico.com\/index.php\/wp-json\/wp\/v2\/tags?post=10566"}],"curies":[{"name":"wp","href":"https:\/\/api.w.org\/{rel}","templated":true}]}}