{"id":10551,"date":"2023-03-20T14:35:40","date_gmt":"2023-03-20T20:35:40","guid":{"rendered":"https:\/\/contextoanalisisperiodistico.com\/index.php\/2023\/03\/20\/secretaria-de-seguridad-ciudadana-movilidad-y-proteccion-civil\/"},"modified":"2023-03-20T14:35:40","modified_gmt":"2023-03-20T20:35:40","slug":"secretaria-de-seguridad-ciudadana-movilidad-y-proteccion-civil","status":"publish","type":"post","link":"https:\/\/contextoanalisisperiodistico.com\/index.php\/2023\/03\/20\/secretaria-de-seguridad-ciudadana-movilidad-y-proteccion-civil\/","title":{"rendered":"Secretar\u00eda de Seguridad Ciudadana, Movilidad y Protecci\u00f3n Civil"},"content":{"rendered":"<div id=\"fb-root\"><\/div>\n\n<p>Oaxaca de Ju\u00e1rez, Oaxaca, lunes, 20 de marzo de 2023. En relaci\u00f3n al video que se difunde en redes sociales, en donde refiere acciones de actos degradantes, as\u00ed como de tortura se\u00f1alando a elementos de la polic\u00eda municipal de Oaxaca de Ju\u00e1rez.<\/p>\n\n\n\n<p><em>Se informa lo siguiente:<\/em><\/p>\n\n\n\n<p>Las im\u00e1genes que se muestran en el video, se registraron el d\u00eda 29 de octubre del a\u00f1o 2022 en las celdas de la polic\u00eda municipal de Oaxaca de Ju\u00e1rez.<\/p>\n\n\n\n<p>El d\u00eda 31 de octubre de 2022, la Unidad de Asuntos Internos en sus acciones de vigilancia detecta el incidente, iniciando la carpeta de investigaci\u00f3n correspondiente, para deslindar responsabilidades.<\/p>\n\n\n\n<p>La Unidad de Asuntos Internos inicia el procedimiento de investigaci\u00f3n administrativo con n\u00famero de carpeta 112\/2022.<\/p>\n\n\n\n<p>Como medida precautoria para el desarrollo de la investigaci\u00f3n, los presuntos involucrados fueron removidos de sus servicios.<\/p>\n\n\n\n<p>La Unidad Jur\u00eddica de esta Secretar\u00eda, denunci\u00f3 los hechos ante la Fiscal\u00eda General del Estado con n\u00famero de carpeta 39140\/CODDI-OAXACA\/2022.<\/p>\n\n\n\n<p>El d\u00eda 30 de noviembre 2022 el elemento E.N.P. promueve juicio de amparo 1389\/2022.<\/p>\n\n\n\n<p>El d\u00eda 06 de diciembre de 2022 el elemento S.E.L.B. promueve juicio de amparo 1368\/2022.<\/p>\n\n\n\n<p>El d\u00eda 03 de marzo de 2023 el Juez Primero de Distrito, notifica a la Unidad de Asuntos Internos que los amparos 1368\/2022 y 1389\/2022 fueron sobrese\u00eddos.<\/p>\n\n\n\n<p>Por lo anterior, la Unidad de Asuntos Internos continua con la investigaci\u00f3n antes mencionada para remitir sus conclusiones a la Comisi\u00f3n del Servicio Profesional de Carrera, Honor y Justicia, quien dictaminar\u00e1 lo conducente.<\/p>\n\n\n\n<p>De igual manera la Secretar\u00eda de Seguridad Ciudadana, Movilidad y Protecci\u00f3n Civil, permanece en espera de lo que a bien tenga determinar la autoridad judicial competente.<\/p>\n\n\n\n<p><em>Polic\u00eda Municipal<\/em><br \/><em>Garante de Seguridad y Paz Social<\/em><br \/><em>\u00a1Polic\u00eda Municipal, m\u00e1s cerca de ti!<\/em><\/p>\n","protected":false},"excerpt":{"rendered":"<p>Oaxaca de Ju\u00e1rez, Oaxaca, lunes, 20 de marzo de 2023. En relaci\u00f3n al video que&#8230;<\/p>\n","protected":false},"author":4,"featured_media":0,"comment_status":"open","ping_status":"open","sticky":false,"template":"","format":"standard","meta":{"footnotes":""},"categories":[9],"tags":[],"jetpack_sharing_enabled":true,"featured_image_urls":{"full":"","thumbnail":"","medium":"","medium_large":"","large":"","1536x1536":"","2048x2048":"","covernews-slider-full":"","covernews-slider-center":"","covernews-featured":"","covernews-medium":"","covernews-medium-square":""},"author_info":{"display_name":"Mario Gir\u00f3n","author_link":"https:\/\/contextoanalisisperiodistico.com\/index.php\/author\/director\/"},"category_info":"<a href=\"https:\/\/contextoanalisisperiodistico.com\/index.php\/category\/politica\/\" rel=\"category tag\">Pol\u00edtica<\/a>","tag_info":"Pol\u00edtica","comment_count":"0","jetpack_featured_media_url":"","_links":{"self":[{"href":"https:\/\/contextoanalisisperiodistico.com\/index.php\/wp-json\/wp\/v2\/posts\/10551"}],"collection":[{"href":"https:\/\/contextoanalisisperiodistico.com\/index.php\/wp-json\/wp\/v2\/posts"}],"about":[{"href":"https:\/\/contextoanalisisperiodistico.com\/index.php\/wp-json\/wp\/v2\/types\/post"}],"author":[{"embeddable":true,"href":"https:\/\/contextoanalisisperiodistico.com\/index.php\/wp-json\/wp\/v2\/users\/4"}],"replies":[{"embeddable":true,"href":"https:\/\/contextoanalisisperiodistico.com\/index.php\/wp-json\/wp\/v2\/comments?post=10551"}],"version-history":[{"count":0,"href":"https:\/\/contextoanalisisperiodistico.com\/index.php\/wp-json\/wp\/v2\/posts\/10551\/revisions"}],"wp:attachment":[{"href":"https:\/\/contextoanalisisperiodistico.com\/index.php\/wp-json\/wp\/v2\/media?parent=10551"}],"wp:term":[{"taxonomy":"category","embeddable":true,"href":"https:\/\/contextoanalisisperiodistico.com\/index.php\/wp-json\/wp\/v2\/categories?post=10551"},{"taxonomy":"post_tag","embeddable":true,"href":"https:\/\/contextoanalisisperiodistico.com\/index.php\/wp-json\/wp\/v2\/tags?post=10551"}],"curies":[{"name":"wp","href":"https:\/\/api.w.org\/{rel}","templated":true}]}}