{"id":10539,"date":"2023-03-20T10:44:01","date_gmt":"2023-03-20T16:44:01","guid":{"rendered":"https:\/\/contextoanalisisperiodistico.com\/?p=10539"},"modified":"2023-03-20T10:44:09","modified_gmt":"2023-03-20T16:44:09","slug":"permitira-plan-de-austeridad-ahorrar-recursos-para-pueblos-de-oaxaca-antonino-morales-toledo","status":"publish","type":"post","link":"https:\/\/contextoanalisisperiodistico.com\/index.php\/2023\/03\/20\/permitira-plan-de-austeridad-ahorrar-recursos-para-pueblos-de-oaxaca-antonino-morales-toledo\/","title":{"rendered":"Permitir\u00e1 Plan de Austeridad, ahorrar recursos para pueblos de Oaxaca: Antonino Morales Toledo"},"content":{"rendered":"<div id=\"fb-root\"><\/div>\n\n<p>Oaxaca de Ju\u00e1rez.- El secretario de Administraci\u00f3n Antonino Morales Toledo, inform\u00f3 sobre el Plan de Austeridad que instruy\u00f3 el gobernador Salom\u00f3n Jara Cruz y que tiene como objetivo ahorrar recursos p\u00fablicos para destinarlo a los pueblos y comunidades de Oaxaca.<\/p>\n\n\n\n<p>Morales Toledo se\u00f1al\u00f3 que tan solo en estos tres primeros meses de la administraci\u00f3n, la Secretar\u00eda a su cargo, registr\u00f3 un ahorro por el orden de los 286 millones de pesos, recursos que ser\u00e1n destinados al desarrollo social de los pueblos de Oaxaca.<\/p>\n\n\n\n<p>Durante su visita a la Mixteca el fin de semana, recorri\u00f3 los municipios de Villa de Tamazulapam del Progreso, Villa de Tejupam de la Uni\u00f3n, San Pedro y San Pablo Teposcolula y Santiago Nundichi, el responsable de la Administraci\u00f3n p\u00fablica estatal inform\u00f3 sobre la pol\u00edtica de austeridad del gobierno de Salom\u00f3n Jara Cruz y pidi\u00f3 a las autoridades, unir sinergias para de manera integral proyectar los municipios del estado.<\/p>\n\n\n\n<p>Antonino Morales expuso que la aportaci\u00f3n de los pueblos de Oaxaca, es fundamental en estos tiempos de la transformaci\u00f3n de Oaxaca,<\/p>\n\n\n\n<p>Adem\u00e1s, agradeci\u00f3 a las autoridades municipales por la invitaci\u00f3n de visitar sus poblaciones y poder coincidir en la importancia de trabajar unidos por el desarrollo del estado.<\/p>\n\n\n\n<figure class=\"wp-block-image size-large\"><img decoding=\"async\" src=\"https:\/\/contextoanalisisperiodistico.com\/wp-content\/uploads\/2023\/03\/img-20230320-wa00268947282713948266822.jpg\" alt=\"\" class=\"wp-image-10541\"\/><\/figure>\n\n\n\n<figure class=\"wp-block-image\"><img decoding=\"async\" src=\"https:\/\/contextoanalisisperiodistico.com\/wp-content\/uploads\/2023\/03\/img-20230320-wa00299149744288061119938-1024x683.jpg\" alt=\"\" class=\"wp-image-10542\"\/><\/figure>\n","protected":false},"excerpt":{"rendered":"<p>Oaxaca de Ju\u00e1rez.- El secretario de Administraci\u00f3n Antonino Morales Toledo, inform\u00f3 sobre el Plan de&#8230;<\/p>\n","protected":false},"author":4,"featured_media":0,"comment_status":"open","ping_status":"open","sticky":false,"template":"","format":"standard","meta":{"footnotes":""},"categories":[9],"tags":[],"jetpack_sharing_enabled":true,"featured_image_urls":{"full":"","thumbnail":"","medium":"","medium_large":"","large":"","1536x1536":"","2048x2048":"","covernews-slider-full":"","covernews-slider-center":"","covernews-featured":"","covernews-medium":"","covernews-medium-square":""},"author_info":{"display_name":"Mario Gir\u00f3n","author_link":"https:\/\/contextoanalisisperiodistico.com\/index.php\/author\/director\/"},"category_info":"<a href=\"https:\/\/contextoanalisisperiodistico.com\/index.php\/category\/politica\/\" rel=\"category tag\">Pol\u00edtica<\/a>","tag_info":"Pol\u00edtica","comment_count":"0","jetpack_featured_media_url":"","_links":{"self":[{"href":"https:\/\/contextoanalisisperiodistico.com\/index.php\/wp-json\/wp\/v2\/posts\/10539"}],"collection":[{"href":"https:\/\/contextoanalisisperiodistico.com\/index.php\/wp-json\/wp\/v2\/posts"}],"about":[{"href":"https:\/\/contextoanalisisperiodistico.com\/index.php\/wp-json\/wp\/v2\/types\/post"}],"author":[{"embeddable":true,"href":"https:\/\/contextoanalisisperiodistico.com\/index.php\/wp-json\/wp\/v2\/users\/4"}],"replies":[{"embeddable":true,"href":"https:\/\/contextoanalisisperiodistico.com\/index.php\/wp-json\/wp\/v2\/comments?post=10539"}],"version-history":[{"count":1,"href":"https:\/\/contextoanalisisperiodistico.com\/index.php\/wp-json\/wp\/v2\/posts\/10539\/revisions"}],"predecessor-version":[{"id":10543,"href":"https:\/\/contextoanalisisperiodistico.com\/index.php\/wp-json\/wp\/v2\/posts\/10539\/revisions\/10543"}],"wp:attachment":[{"href":"https:\/\/contextoanalisisperiodistico.com\/index.php\/wp-json\/wp\/v2\/media?parent=10539"}],"wp:term":[{"taxonomy":"category","embeddable":true,"href":"https:\/\/contextoanalisisperiodistico.com\/index.php\/wp-json\/wp\/v2\/categories?post=10539"},{"taxonomy":"post_tag","embeddable":true,"href":"https:\/\/contextoanalisisperiodistico.com\/index.php\/wp-json\/wp\/v2\/tags?post=10539"}],"curies":[{"name":"wp","href":"https:\/\/api.w.org\/{rel}","templated":true}]}}