{"id":10520,"date":"2023-03-19T23:19:59","date_gmt":"2023-03-20T05:19:59","guid":{"rendered":"https:\/\/contextoanalisisperiodistico.com\/index.php\/2023\/03\/19\/por-mujeres-empoderadasno-violentadas-trabajan-ensuchilquitongo\/"},"modified":"2023-03-19T23:23:50","modified_gmt":"2023-03-20T05:23:50","slug":"por-mujeres-empoderadasno-violentadas-trabajan-ensuchilquitongo","status":"publish","type":"post","link":"https:\/\/contextoanalisisperiodistico.com\/index.php\/2023\/03\/19\/por-mujeres-empoderadasno-violentadas-trabajan-ensuchilquitongo\/","title":{"rendered":"Por mujeres empoderadas,<br>no violentadas, trabajan en<br>Suchilquitongo"},"content":{"rendered":"<div id=\"fb-root\"><\/div>\n\n<p>(*) Ponen manos a la obra en el empoderamiento f\u00edsica y mental de la mujer, en un municipio en donde reconocen inexistencia de inter\u00e9s oficial de apoyarlas; las tienen olvidas, cuando ellas son el pilar m\u00e1s importante en toda sociedad, en donde precisamente, ellas hacen mayor\u00eda<\/p>\n\n\n\n<p>Mario GIR\u00d3N<br \/>Santiago Suchilquitongo, Etla- Por mujeres empoderadas, no violentadas, trabajan en esta poblaci\u00f3n la Asociaci\u00f3n para el Fomento y Desarrollo de los Pueblos de Oaxaca (AFODEPO), representada por la Lic. Amanda Ruiz Legaspi y los expertos en la disciplina en arte marcial, Lima Lama (La mano de la sabidur\u00eda), maestro: Jos\u00e9 Luis Santos Ram\u00edrez; instructora Karla Betel Santos y Graciela Bautista.<\/p>\n\n\n\n<p>A trav\u00e9s de un curso en defensa personal, las partes mencionadas, empezaron a trabajar el empoderamiento f\u00edsico y mental de la mujer, en un municipio eteco en donde qued\u00f3 establecido la inexistencia de inter\u00e9s oficial de apoyarlas; las tienen olvidadas, cuando que ellas son el pilar m\u00e1s importante en toda sociedad, en donde precisamente, ellas hacen mayor\u00eda.<\/p>\n\n\n\n<p>En esta comunidad en donde existe el preocupante caso de una jovencita desaparecida, desde principio de a\u00f1o, la poblaci\u00f3n observa la uni\u00f3n de personas buenas, con el deseo de querer hacer cosas realmente buenas, de cambio, empieza a notarse, lo cual, se convierte en importante diferencia.<\/p>\n\n\n\n<figure class=\"wp-block-image size-large\"><img decoding=\"async\" src=\"https:\/\/contextoanalisisperiodistico.com\/wp-content\/uploads\/2023\/03\/screenshot_20230319_212330_photos3380348898013946240.jpg\" alt=\"\" class=\"wp-image-10518\"\/><\/figure>\n\n\n\n<figure class=\"wp-block-image\"><img decoding=\"async\" src=\"https:\/\/contextoanalisisperiodistico.com\/wp-content\/uploads\/2023\/03\/screenshot_20230319_212302_photos7384385925176595942-300x217.jpg\" alt=\"\" class=\"wp-image-10519\"\/><\/figure>\n","protected":false},"excerpt":{"rendered":"<p>(*) Ponen manos a la obra en el empoderamiento f\u00edsica y mental de la mujer,&#8230;<\/p>\n","protected":false},"author":4,"featured_media":0,"comment_status":"open","ping_status":"open","sticky":false,"template":"","format":"standard","meta":{"footnotes":""},"categories":[9],"tags":[],"jetpack_sharing_enabled":true,"featured_image_urls":{"full":"","thumbnail":"","medium":"","medium_large":"","large":"","1536x1536":"","2048x2048":"","covernews-slider-full":"","covernews-slider-center":"","covernews-featured":"","covernews-medium":"","covernews-medium-square":""},"author_info":{"display_name":"Mario Gir\u00f3n","author_link":"https:\/\/contextoanalisisperiodistico.com\/index.php\/author\/director\/"},"category_info":"<a href=\"https:\/\/contextoanalisisperiodistico.com\/index.php\/category\/politica\/\" rel=\"category tag\">Pol\u00edtica<\/a>","tag_info":"Pol\u00edtica","comment_count":"0","jetpack_featured_media_url":"","_links":{"self":[{"href":"https:\/\/contextoanalisisperiodistico.com\/index.php\/wp-json\/wp\/v2\/posts\/10520"}],"collection":[{"href":"https:\/\/contextoanalisisperiodistico.com\/index.php\/wp-json\/wp\/v2\/posts"}],"about":[{"href":"https:\/\/contextoanalisisperiodistico.com\/index.php\/wp-json\/wp\/v2\/types\/post"}],"author":[{"embeddable":true,"href":"https:\/\/contextoanalisisperiodistico.com\/index.php\/wp-json\/wp\/v2\/users\/4"}],"replies":[{"embeddable":true,"href":"https:\/\/contextoanalisisperiodistico.com\/index.php\/wp-json\/wp\/v2\/comments?post=10520"}],"version-history":[{"count":1,"href":"https:\/\/contextoanalisisperiodistico.com\/index.php\/wp-json\/wp\/v2\/posts\/10520\/revisions"}],"predecessor-version":[{"id":10521,"href":"https:\/\/contextoanalisisperiodistico.com\/index.php\/wp-json\/wp\/v2\/posts\/10520\/revisions\/10521"}],"wp:attachment":[{"href":"https:\/\/contextoanalisisperiodistico.com\/index.php\/wp-json\/wp\/v2\/media?parent=10520"}],"wp:term":[{"taxonomy":"category","embeddable":true,"href":"https:\/\/contextoanalisisperiodistico.com\/index.php\/wp-json\/wp\/v2\/categories?post=10520"},{"taxonomy":"post_tag","embeddable":true,"href":"https:\/\/contextoanalisisperiodistico.com\/index.php\/wp-json\/wp\/v2\/tags?post=10520"}],"curies":[{"name":"wp","href":"https:\/\/api.w.org\/{rel}","templated":true}]}}