{"id":10465,"date":"2023-03-18T15:35:59","date_gmt":"2023-03-18T21:35:59","guid":{"rendered":"https:\/\/contextoanalisisperiodistico.com\/?p=10465"},"modified":"2023-03-18T15:36:06","modified_gmt":"2023-03-18T21:36:06","slug":"con-trabajo-comunitario-limpian-el-monumento-a-juarez","status":"publish","type":"post","link":"https:\/\/contextoanalisisperiodistico.com\/index.php\/2023\/03\/18\/con-trabajo-comunitario-limpian-el-monumento-a-juarez\/","title":{"rendered":"Con trabajo comunitario limpian el Monumento a Ju\u00e1rez"},"content":{"rendered":"<div id=\"fb-root\"><\/div>\n\n<p>\u25cf De manera simult\u00e1nea tambi\u00e9n se realizaron acciones de mejoramiento visual en el Llano<\/p>\n\n\n\n<p>San Sebasti\u00e1n Tutla, Oax. 18 de marzo de 2023.- La Secretar\u00eda de Bienestar, Tequio e Inclusi\u00f3n (Sebienti) en coordinaci\u00f3n con el municipio de San Sebasti\u00e1n Tutla organizaron limpiaron y remozaron el Monumento a Benito Ju\u00e1rez, ubicado sobre la carretera Internacional 190.<\/p>\n\n\n\n<p>En las actividades realizadas este s\u00e1bado participaron elementos de la Polic\u00eda Estatal, del Heroico Cuerpo de Bomberos, as\u00ed como personal del Instituto de la Funci\u00f3n Registral del Estado de Oaxaca (IFREO) y del Instituto de Planeaci\u00f3n para el Bienestar (Inplan).<\/p>\n\n\n\n<p>Los trabajos consistieron en la limpieza, poda de maleza y de \u00e1rboles, mantenimiento preventivo de camellones, recolecci\u00f3n de basura, as\u00ed como pinta de bardas, guarniciones y estacionamiento, acciones que desde muy temprano realizaron las personas servidoras p\u00fablicas junto con las y los vecinos de este municipio conurbado.<\/p>\n\n\n\n<p>La titular de Sebienti, Laura Estrada Mauro coment\u00f3 que a unos d\u00edas de la conmemoraci\u00f3n del natalicio de Benito Ju\u00e1rez Garc\u00eda se impulsaron estas acciones que recuperan el trabajo comunitario y espacios p\u00fablicos que hab\u00edan sido abandonados y olvidados.<\/p>\n\n\n\n<p>Limpian el Parque Ju\u00e1rez El Llano<\/p>\n\n\n\n<p>De manera simult\u00e1nea tambi\u00e9n se realizaron acciones de mejoramiento visual en el Paseo Ju\u00e1rez, conocido como el Llano, a fin de limpiar y embellecer este lugar de esparcimiento para las familias y la comunidad deportiva en Oaxaca de Ju\u00e1rez.<\/p>\n\n\n\n<p>En los trabajos tom\u00f3 parte personal de la Secretar\u00eda de Medio Ambiente, Biodiversidad, Energ\u00edas y Sostenibilidad.<\/p>\n\n\n\n<p>Este domingo 19 de marzo se realizar\u00e1 un Tequio Bienestar en coordinaci\u00f3n con el municipio de Santa Lucia del Camino en la zona del Centro Cultural y de Convenciones de Oaxaca (CCCO).<\/p>\n\n\n\n<p>-0-<\/p>\n\n\n\n<figure class=\"wp-block-image size-large\"><img decoding=\"async\" src=\"https:\/\/contextoanalisisperiodistico.com\/wp-content\/uploads\/2023\/03\/img-20230318-wa0063941950874924569334-1024x682.jpg\" alt=\"\" class=\"wp-image-10467\"\/><\/figure>\n\n\n\n<figure class=\"wp-block-image\"><img decoding=\"async\" src=\"https:\/\/contextoanalisisperiodistico.com\/wp-content\/uploads\/2023\/03\/img-20230318-wa00625828989438910796622-1024x682.jpg\" alt=\"\" class=\"wp-image-10469\"\/><\/figure>\n\n\n\n<figure class=\"wp-block-image\"><img decoding=\"async\" src=\"https:\/\/contextoanalisisperiodistico.com\/wp-content\/uploads\/2023\/03\/img-20230318-wa00654254121483116700237-1024x682.jpg\" alt=\"\" class=\"wp-image-10468\"\/><\/figure>\n","protected":false},"excerpt":{"rendered":"<p>\u25cf De manera simult\u00e1nea tambi\u00e9n se realizaron acciones de mejoramiento visual en el Llano San&#8230;<\/p>\n","protected":false},"author":4,"featured_media":0,"comment_status":"open","ping_status":"open","sticky":false,"template":"","format":"standard","meta":{"footnotes":""},"categories":[9],"tags":[],"jetpack_sharing_enabled":true,"featured_image_urls":{"full":"","thumbnail":"","medium":"","medium_large":"","large":"","1536x1536":"","2048x2048":"","covernews-slider-full":"","covernews-slider-center":"","covernews-featured":"","covernews-medium":"","covernews-medium-square":""},"author_info":{"display_name":"Mario Gir\u00f3n","author_link":"https:\/\/contextoanalisisperiodistico.com\/index.php\/author\/director\/"},"category_info":"<a href=\"https:\/\/contextoanalisisperiodistico.com\/index.php\/category\/politica\/\" rel=\"category tag\">Pol\u00edtica<\/a>","tag_info":"Pol\u00edtica","comment_count":"0","jetpack_featured_media_url":"","_links":{"self":[{"href":"https:\/\/contextoanalisisperiodistico.com\/index.php\/wp-json\/wp\/v2\/posts\/10465"}],"collection":[{"href":"https:\/\/contextoanalisisperiodistico.com\/index.php\/wp-json\/wp\/v2\/posts"}],"about":[{"href":"https:\/\/contextoanalisisperiodistico.com\/index.php\/wp-json\/wp\/v2\/types\/post"}],"author":[{"embeddable":true,"href":"https:\/\/contextoanalisisperiodistico.com\/index.php\/wp-json\/wp\/v2\/users\/4"}],"replies":[{"embeddable":true,"href":"https:\/\/contextoanalisisperiodistico.com\/index.php\/wp-json\/wp\/v2\/comments?post=10465"}],"version-history":[{"count":1,"href":"https:\/\/contextoanalisisperiodistico.com\/index.php\/wp-json\/wp\/v2\/posts\/10465\/revisions"}],"predecessor-version":[{"id":10470,"href":"https:\/\/contextoanalisisperiodistico.com\/index.php\/wp-json\/wp\/v2\/posts\/10465\/revisions\/10470"}],"wp:attachment":[{"href":"https:\/\/contextoanalisisperiodistico.com\/index.php\/wp-json\/wp\/v2\/media?parent=10465"}],"wp:term":[{"taxonomy":"category","embeddable":true,"href":"https:\/\/contextoanalisisperiodistico.com\/index.php\/wp-json\/wp\/v2\/categories?post=10465"},{"taxonomy":"post_tag","embeddable":true,"href":"https:\/\/contextoanalisisperiodistico.com\/index.php\/wp-json\/wp\/v2\/tags?post=10465"}],"curies":[{"name":"wp","href":"https:\/\/api.w.org\/{rel}","templated":true}]}}