{"id":10458,"date":"2023-03-18T13:28:35","date_gmt":"2023-03-18T19:28:35","guid":{"rendered":"https:\/\/contextoanalisisperiodistico.com\/index.php\/2023\/03\/18\/muestra-de-valentia-orgullo-dignidad-y-ejercicio-de-soberania-la-expropiacion-petrolera-martinez-neri\/"},"modified":"2023-03-18T13:28:35","modified_gmt":"2023-03-18T19:28:35","slug":"muestra-de-valentia-orgullo-dignidad-y-ejercicio-de-soberania-la-expropiacion-petrolera-martinez-neri","status":"publish","type":"post","link":"https:\/\/contextoanalisisperiodistico.com\/index.php\/2023\/03\/18\/muestra-de-valentia-orgullo-dignidad-y-ejercicio-de-soberania-la-expropiacion-petrolera-martinez-neri\/","title":{"rendered":"Muestra de valent\u00eda, orgullo,  dignidad y ejercicio de soberan\u00eda la expropiaci\u00f3n petrolera: Mart\u00ednez Neri"},"content":{"rendered":"<div id=\"fb-root\"><\/div>\n\n<p>El presidente municipal de Oaxaca de Ju\u00e1rez, Francisco Mart\u00ednez Neri, acudi\u00f3 este s\u00e1bado al monumento al General L\u00e1zaro C\u00e1rdenas del R\u00edo, para conmemorar el LXXXV aniversario de la expropiaci\u00f3n y nacionalizaci\u00f3n de la industria petrolera.<\/p>\n\n\n\n<p>Durante su intervenci\u00f3n y acompa\u00f1ado del funcionariado municipal, el edil capitalino record\u00f3 que un d\u00eda como hoy, pero de 1938, M\u00e9xico dio una muestra de valent\u00eda, orgullo y dignidad al mundo entero en un ejercicio de su soberan\u00eda.<\/p>\n\n\n\n<p>En este acto conmemorativo, las y los funcionarios capitalinos realizaron el dep\u00f3sito de una ofrenda floral y una guardia de honor para preservar la memoria de este hecho patri\u00f3tico, anunciado por el entonces presidente L\u00e1zaro C\u00e1rdenas del R\u00edo, para convertir el petr\u00f3leo en propiedad del Estado mexicano y quitar a compa\u00f1\u00edas extranjeras las instalaciones, edificios, maquinaria, tanques de almacenamiento e inmuebles para su aprovechamiento en beneficio del desarrollo nacional independiente.<\/p>\n\n\n\n<figure class=\"wp-block-image size-large\"><img decoding=\"async\" src=\"https:\/\/contextoanalisisperiodistico.com\/wp-content\/uploads\/2023\/03\/img-20230318-wa00304074521560408637031-1024x846.jpg\" alt=\"\" class=\"wp-image-10457\"\/><\/figure>\n\n\n\n<figure class=\"wp-block-image\"><img decoding=\"async\" src=\"https:\/\/contextoanalisisperiodistico.com\/wp-content\/uploads\/2023\/03\/img-20230318-wa00297673787771674782901-1024x1024.jpg\" alt=\"\" class=\"wp-image-10456\"\/><\/figure>\n","protected":false},"excerpt":{"rendered":"<p>El presidente municipal de Oaxaca de Ju\u00e1rez, Francisco Mart\u00ednez Neri, acudi\u00f3 este s\u00e1bado al monumento&#8230;<\/p>\n","protected":false},"author":4,"featured_media":0,"comment_status":"open","ping_status":"open","sticky":false,"template":"","format":"standard","meta":{"footnotes":""},"categories":[9],"tags":[],"jetpack_sharing_enabled":true,"featured_image_urls":{"full":"","thumbnail":"","medium":"","medium_large":"","large":"","1536x1536":"","2048x2048":"","covernews-slider-full":"","covernews-slider-center":"","covernews-featured":"","covernews-medium":"","covernews-medium-square":""},"author_info":{"display_name":"Mario Gir\u00f3n","author_link":"https:\/\/contextoanalisisperiodistico.com\/index.php\/author\/director\/"},"category_info":"<a href=\"https:\/\/contextoanalisisperiodistico.com\/index.php\/category\/politica\/\" rel=\"category tag\">Pol\u00edtica<\/a>","tag_info":"Pol\u00edtica","comment_count":"0","jetpack_featured_media_url":"","_links":{"self":[{"href":"https:\/\/contextoanalisisperiodistico.com\/index.php\/wp-json\/wp\/v2\/posts\/10458"}],"collection":[{"href":"https:\/\/contextoanalisisperiodistico.com\/index.php\/wp-json\/wp\/v2\/posts"}],"about":[{"href":"https:\/\/contextoanalisisperiodistico.com\/index.php\/wp-json\/wp\/v2\/types\/post"}],"author":[{"embeddable":true,"href":"https:\/\/contextoanalisisperiodistico.com\/index.php\/wp-json\/wp\/v2\/users\/4"}],"replies":[{"embeddable":true,"href":"https:\/\/contextoanalisisperiodistico.com\/index.php\/wp-json\/wp\/v2\/comments?post=10458"}],"version-history":[{"count":0,"href":"https:\/\/contextoanalisisperiodistico.com\/index.php\/wp-json\/wp\/v2\/posts\/10458\/revisions"}],"wp:attachment":[{"href":"https:\/\/contextoanalisisperiodistico.com\/index.php\/wp-json\/wp\/v2\/media?parent=10458"}],"wp:term":[{"taxonomy":"category","embeddable":true,"href":"https:\/\/contextoanalisisperiodistico.com\/index.php\/wp-json\/wp\/v2\/categories?post=10458"},{"taxonomy":"post_tag","embeddable":true,"href":"https:\/\/contextoanalisisperiodistico.com\/index.php\/wp-json\/wp\/v2\/tags?post=10458"}],"curies":[{"name":"wp","href":"https:\/\/api.w.org\/{rel}","templated":true}]}}