{"id":1045,"date":"2022-02-25T19:08:05","date_gmt":"2022-02-26T01:08:05","guid":{"rendered":"http:\/\/contextoanalisisperiodistico.com.mx\/2022\/02\/25\/responde-gobierno-municipal-de-martinez-neri-con-seguridad-laboral-y-otros-beneficios-a-la-policia-municipal\/"},"modified":"2022-02-25T19:08:05","modified_gmt":"2022-02-26T01:08:05","slug":"responde-gobierno-municipal-de-martinez-neri-con-seguridad-laboral-y-otros-beneficios-a-la-policia-municipal","status":"publish","type":"post","link":"https:\/\/contextoanalisisperiodistico.com\/index.php\/2022\/02\/25\/responde-gobierno-municipal-de-martinez-neri-con-seguridad-laboral-y-otros-beneficios-a-la-policia-municipal\/","title":{"rendered":"Responde gobierno municipal de Mart\u00ednez Neri con seguridad laboral y otros beneficios a la Polic\u00eda Municipal"},"content":{"rendered":"<div id=\"fb-root\"><\/div>\n\n<p>La autoridad municipal del Ayuntamiento de Oaxaca de Ju\u00e1rez, ha respondido a las peticiones planteadas por la polic\u00eda municipal, otorgando seguridad laboral y beneficios adicionales.<\/p>\n\n\n\n<p>La ma\u00f1ana de ayer, posterior al festejo del D\u00eda de la Bandera Nacional, elementos de la polic\u00eda municipal abordaron al edil capitalino para solicitarle una serie de peticiones que no hab\u00edan sido cubiertas por la anterior administraci\u00f3n y que, seg\u00fan expresaron, son necesarias para mejorar las condiciones laborales de los elementos.<\/p>\n\n\n\n<p>Ante esta situaci\u00f3n, el gobierno municipal dialog\u00f3 con los uniformados y con el titular de la Secretar\u00eda de Seguridad Ciudadana, Movilidad y Protecci\u00f3n Civil, para dar soluci\u00f3n inmediata a esta situaci\u00f3n. Entre las peticiones resueltas fueron:<\/p>\n\n\n\n<p>Aprobaci\u00f3n de 1 d\u00eda de franquicia (descanso durante la semana).<\/p>\n\n\n\n<p>Incremento de bono al salario quincenal.<\/p>\n\n\n\n<p>Fumigaci\u00f3n de dormitorios para eliminaci\u00f3n de plagas de insectos.<\/p>\n\n\n\n<p>Por otro lado, el secretario de Seguridad Ciudadana, Movilidad y Protecci\u00f3n Civil, gestionar\u00e1 est\u00edmulos y recompensas adicionales como descuentos en sitios de consumo de alimentos, entre otros.<\/p>\n\n\n\n<p>Es importante mencionar que el edil capitalino, a pesar de heredar una deuda aproximada de 300 millones de pesos, desde los primeros d\u00edas de gobierno gestion\u00f3 recursos financieros para solventar salarios de todos los elementos, en tiempo y forma, y contar con mantenimiento y combustible para sus unidades.<\/p>\n","protected":false},"excerpt":{"rendered":"<p>La autoridad municipal del Ayuntamiento de Oaxaca de Ju\u00e1rez, ha respondido a las peticiones planteadas&#8230;<\/p>\n","protected":false},"author":2,"featured_media":404,"comment_status":"open","ping_status":"open","sticky":false,"template":"","format":"standard","meta":{"footnotes":""},"categories":[3,7,10],"tags":[],"jetpack_sharing_enabled":true,"featured_image_urls":{"full":"","thumbnail":"","medium":"","medium_large":"","large":"","1536x1536":"","2048x2048":"","covernews-slider-full":"","covernews-slider-center":"","covernews-featured":"","covernews-medium":"","covernews-medium-square":""},"author_info":{"display_name":"Miguel","author_link":"https:\/\/contextoanalisisperiodistico.com\/index.php\/author\/editor\/"},"category_info":"<a href=\"https:\/\/contextoanalisisperiodistico.com\/index.php\/category\/ciudad\/\" rel=\"category tag\">Ciudad<\/a> <a href=\"https:\/\/contextoanalisisperiodistico.com\/index.php\/category\/municipios\/\" rel=\"category tag\">Municipios<\/a> <a href=\"https:\/\/contextoanalisisperiodistico.com\/index.php\/category\/seguridad\/\" rel=\"category tag\">Seguridad<\/a>","tag_info":"Seguridad","comment_count":"0","jetpack_featured_media_url":"","_links":{"self":[{"href":"https:\/\/contextoanalisisperiodistico.com\/index.php\/wp-json\/wp\/v2\/posts\/1045"}],"collection":[{"href":"https:\/\/contextoanalisisperiodistico.com\/index.php\/wp-json\/wp\/v2\/posts"}],"about":[{"href":"https:\/\/contextoanalisisperiodistico.com\/index.php\/wp-json\/wp\/v2\/types\/post"}],"author":[{"embeddable":true,"href":"https:\/\/contextoanalisisperiodistico.com\/index.php\/wp-json\/wp\/v2\/users\/2"}],"replies":[{"embeddable":true,"href":"https:\/\/contextoanalisisperiodistico.com\/index.php\/wp-json\/wp\/v2\/comments?post=1045"}],"version-history":[{"count":0,"href":"https:\/\/contextoanalisisperiodistico.com\/index.php\/wp-json\/wp\/v2\/posts\/1045\/revisions"}],"wp:featuredmedia":[{"embeddable":true,"href":"https:\/\/contextoanalisisperiodistico.com\/index.php\/wp-json\/"}],"wp:attachment":[{"href":"https:\/\/contextoanalisisperiodistico.com\/index.php\/wp-json\/wp\/v2\/media?parent=1045"}],"wp:term":[{"taxonomy":"category","embeddable":true,"href":"https:\/\/contextoanalisisperiodistico.com\/index.php\/wp-json\/wp\/v2\/categories?post=1045"},{"taxonomy":"post_tag","embeddable":true,"href":"https:\/\/contextoanalisisperiodistico.com\/index.php\/wp-json\/wp\/v2\/tags?post=1045"}],"curies":[{"name":"wp","href":"https:\/\/api.w.org\/{rel}","templated":true}]}}