{"id":1044,"date":"2022-02-25T17:59:09","date_gmt":"2022-02-25T23:59:09","guid":{"rendered":"http:\/\/contextoanalisisperiodistico.com.mx\/2022\/02\/25\/capacita-ieepco-a-consejos-distritales-que-coordinan-elecciones-extraordinarias\/"},"modified":"2022-02-25T17:59:09","modified_gmt":"2022-02-25T23:59:09","slug":"capacita-ieepco-a-consejos-distritales-que-coordinan-elecciones-extraordinarias","status":"publish","type":"post","link":"https:\/\/contextoanalisisperiodistico.com\/index.php\/2022\/02\/25\/capacita-ieepco-a-consejos-distritales-que-coordinan-elecciones-extraordinarias\/","title":{"rendered":"Capacita IEEPCO a Consejos Distritales que coordinan Elecciones Extraordinarias"},"content":{"rendered":"<div id=\"fb-root\"><\/div>\n\n<p>(*) Alistan jornada electoral del domingo 27 de marzo<\/p>\n\n\n\n<p>Este viernes, el Instituto Estatal Electoral y de Participaci\u00f3n Ciudadana de Oaxaca (IEEPCO), dio por concluida la programaci\u00f3n establecida para el desarrollo de las capacitaciones a los Consejos Distritales Locales con elecci\u00f3n extraordinaria el pr\u00f3ximo domingo 27 de marzo.&nbsp;&nbsp;<\/p>\n\n\n\n<p>Del 16 al 20 de febrero, personal del IEEPCO encabezado por la Consejera Presidenta, Elizabeth S\u00e1nchez Gonz\u00e1lez, se dio cita en los Consejos Distritales de Mat\u00edas Romero, Santo Domingo Tehuantepec, Salina Cruz y Acatl\u00e1n de P\u00e9rez Figueroa, espacios en donde, adem\u00e1s, supervisaron los avances en la organizaci\u00f3n de la elecci\u00f3n extraordinaria y del Proceso Electoral Local 2021-2022.&nbsp;<\/p>\n\n\n\n<p>Tambi\u00e9n estuvo presente la encargada de despacho de la Secretar\u00eda Ejecutiva, Monivet Shaley L\u00f3pez Garc\u00eda; la Consejera Electoral, Jessica Jazibe Hern\u00e1ndez Garc\u00eda; as\u00ed como la encargada y encargado de despacho de las direcciones ejecutivas de Educaci\u00f3n C\u00edvica y Participaci\u00f3n Ciudadana, as\u00ed como de Organizaci\u00f3n y Capacitaci\u00f3n Electoral.&nbsp;&nbsp;<\/p>\n\n\n\n<p>Por otra parte, y en cumplimiento a las actividades a desarrollarse, luego de la declaratoria formal del inicio del Proceso Extraordinario 2022 en los municipios de San Pablo Villa de Mitla y Santa Cruz Xoxocotl\u00e1n, los d\u00edas 24 y 25 de febrero se llev\u00f3 a cabo la capacitaci\u00f3n a integrantes de los Consejos Distritales 17 con cabecera en Tlacolula de Matamoros y 15 de Santa Cruz Xoxocotl\u00e1n, respectivamente.&nbsp;<\/p>\n\n\n\n<p>El temario abordado se enfoc\u00f3 espec\u00edficamente en actividades pr\u00e1cticas y simulacros relativos a sus funciones en la Jornada Electoral, Mecanismos de Monitoreo de la Jornada Electoral y actividades posteriores (MEMO), y Sistema de Informaci\u00f3n de la Jornada Electoral (SIJE).&nbsp;<\/p>\n\n\n\n<p>Tambi\u00e9n sobre recepci\u00f3n de los paquetes electorales, actos previos a la sesi\u00f3n de c\u00f3mputo, actividades en la reuni\u00f3n de trabajo y en la sesi\u00f3n extraordinaria, as\u00ed como en la sesi\u00f3n especial de los c\u00f3mputos y sus resultados; el recuento, tipos de recuentos y sus causales; los dict\u00e1menes de elegibilidad y las declaraciones de validez.<\/p>\n","protected":false},"excerpt":{"rendered":"<p>(*) Alistan jornada electoral del domingo 27 de marzo Este viernes, el Instituto Estatal Electoral&#8230;<\/p>\n","protected":false},"author":2,"featured_media":1043,"comment_status":"open","ping_status":"open","sticky":false,"template":"","format":"standard","meta":{"footnotes":""},"categories":[9],"tags":[],"jetpack_sharing_enabled":true,"featured_image_urls":{"full":"","thumbnail":"","medium":"","medium_large":"","large":"","1536x1536":"","2048x2048":"","covernews-slider-full":"","covernews-slider-center":"","covernews-featured":"","covernews-medium":"","covernews-medium-square":""},"author_info":{"display_name":"Miguel","author_link":"https:\/\/contextoanalisisperiodistico.com\/index.php\/author\/editor\/"},"category_info":"<a href=\"https:\/\/contextoanalisisperiodistico.com\/index.php\/category\/politica\/\" rel=\"category tag\">Pol\u00edtica<\/a>","tag_info":"Pol\u00edtica","comment_count":"0","jetpack_featured_media_url":"","_links":{"self":[{"href":"https:\/\/contextoanalisisperiodistico.com\/index.php\/wp-json\/wp\/v2\/posts\/1044"}],"collection":[{"href":"https:\/\/contextoanalisisperiodistico.com\/index.php\/wp-json\/wp\/v2\/posts"}],"about":[{"href":"https:\/\/contextoanalisisperiodistico.com\/index.php\/wp-json\/wp\/v2\/types\/post"}],"author":[{"embeddable":true,"href":"https:\/\/contextoanalisisperiodistico.com\/index.php\/wp-json\/wp\/v2\/users\/2"}],"replies":[{"embeddable":true,"href":"https:\/\/contextoanalisisperiodistico.com\/index.php\/wp-json\/wp\/v2\/comments?post=1044"}],"version-history":[{"count":0,"href":"https:\/\/contextoanalisisperiodistico.com\/index.php\/wp-json\/wp\/v2\/posts\/1044\/revisions"}],"wp:featuredmedia":[{"embeddable":true,"href":"https:\/\/contextoanalisisperiodistico.com\/index.php\/wp-json\/"}],"wp:attachment":[{"href":"https:\/\/contextoanalisisperiodistico.com\/index.php\/wp-json\/wp\/v2\/media?parent=1044"}],"wp:term":[{"taxonomy":"category","embeddable":true,"href":"https:\/\/contextoanalisisperiodistico.com\/index.php\/wp-json\/wp\/v2\/categories?post=1044"},{"taxonomy":"post_tag","embeddable":true,"href":"https:\/\/contextoanalisisperiodistico.com\/index.php\/wp-json\/wp\/v2\/tags?post=1044"}],"curies":[{"name":"wp","href":"https:\/\/api.w.org\/{rel}","templated":true}]}}