{"id":10420,"date":"2023-03-17T19:32:07","date_gmt":"2023-03-18T01:32:07","guid":{"rendered":"https:\/\/contextoanalisisperiodistico.com\/?p=10420"},"modified":"2023-03-17T19:32:30","modified_gmt":"2023-03-18T01:32:30","slug":"dia-de-la-samaritana-en-oaxaca-de-juarez-una-tradicion-llena-de-color-y-sabor","status":"publish","type":"post","link":"https:\/\/contextoanalisisperiodistico.com\/index.php\/2023\/03\/17\/dia-de-la-samaritana-en-oaxaca-de-juarez-una-tradicion-llena-de-color-y-sabor\/","title":{"rendered":"D\u00eda de la Samaritana en Oaxaca de Ju\u00e1rez: una tradici\u00f3n llena de color y sabor."},"content":{"rendered":"<div id=\"fb-root\"><\/div>\n\n<p>\u2022 Durante la festividad, las y los ciudadanos pudieron degustar una variedad de aguas<\/p>\n\n\n\n<figure class=\"wp-block-image size-large\"><img decoding=\"async\" src=\"https:\/\/contextoanalisisperiodistico.com\/wp-content\/uploads\/2023\/03\/img-20230317-wa01011412273551150642537-1024x683.jpg\" alt=\"\" class=\"wp-image-10424\"\/><\/figure>\n\n\n\n<figure class=\"wp-block-image\"><img decoding=\"async\" src=\"https:\/\/contextoanalisisperiodistico.com\/wp-content\/uploads\/2023\/03\/img-20230317-wa01033938357570428471720-1024x683.jpg\" alt=\"\" class=\"wp-image-10423\"\/><\/figure>\n\n\n\n<figure class=\"wp-block-image\"><img decoding=\"async\" src=\"https:\/\/contextoanalisisperiodistico.com\/wp-content\/uploads\/2023\/03\/img-20230317-wa01002674016046958005887-1024x683.jpg\" alt=\"\" class=\"wp-image-10422\"\/><\/figure>\n\n\n\n<p>Oaxaca de Ju\u00e1rez, Oax., a 17 de marzo de 2023.- Las calles de la ciudad de Oaxaca de Ju\u00e1rez se vistieron de colores y flores -especialmente de bugambilias-, pues esta tarde se llev\u00f3 a cabo la celebraci\u00f3n del D\u00eda de la Samaritana, una tradici\u00f3n \u00fanica en M\u00e9xico.<\/p>\n\n\n\n<p>El Municipio de Oaxaca de Ju\u00e1rez, a trav\u00e9s de la Secretar\u00eda de Fomento Tur\u00edstico, en coordinaci\u00f3n con la Arquidi\u00f3cesis de Antequera Oaxaca, realiz\u00f3 este viernes, en la explanada del Templo de la Preciosa Sangre de Cristo, la entrega de aguas, frescas previamente bendecidas, para que las y los ciudadanos pudieran degustarlas.<\/p>\n\n\n\n<p>Durante este evento, acompa\u00f1ado por el arzobispo, Pedro V\u00e1zquez Villalobos, concejales, as\u00ed como funcionarias y funcionarios municipales, el edil capitalino, Francisco Mart\u00ednez Neri, visit\u00f3 cada uno de los puestos, degustando aguas frescas de chilacayota, horchata, lim\u00f3n y jamaica, entre otras.<\/p>\n\n\n\n<p>Asimismo, el mun\u00edcipe destac\u00f3 que la Samaritana es una celebraci\u00f3n que muestra el amor y respeto por los dem\u00e1s.<\/p>\n\n\n\n<p>\u201cEsta tradici\u00f3n es una oportunidad para compartir con las y los ciudadanos y disfrutar de la generosidad de las y los samaritanos\u201d, acot\u00f3.<\/p>\n\n\n\n<p>En este sentido, agradeci\u00f3 a las personas que atendieron al llamado del municipio y asistieron con sus vasos tra\u00eddos desde sus hogares, pues de esta manera se contribuye al cuidado del medio ambiente.<\/p>\n\n\n\n<p>Por su parte, el arzobispo, Pedro V\u00e1zquez Villalobos, agradeci\u00f3 al edil capitalino por cuidar las tradiciones religiosas y culturales.<\/p>\n\n\n\n<p>De esta forma esta tradici\u00f3n, que se celebra el cuarto Viernes de Cuaresma, retoma el pasaje de la Biblia en el que Jes\u00fas le pide agua de un pozo a una mujer de Samaria.<\/p>\n\n\n\n<p>En definitiva el d\u00eda de hoy fue muestra de c\u00f3mo las y los oaxaque\u00f1os contin\u00faan preservando sus tradiciones.<\/p>\n","protected":false},"excerpt":{"rendered":"<p>\u2022 Durante la festividad, las y los ciudadanos pudieron degustar una variedad de aguas Oaxaca&#8230;<\/p>\n","protected":false},"author":4,"featured_media":0,"comment_status":"open","ping_status":"open","sticky":false,"template":"","format":"standard","meta":{"footnotes":""},"categories":[9],"tags":[],"jetpack_sharing_enabled":true,"featured_image_urls":{"full":"","thumbnail":"","medium":"","medium_large":"","large":"","1536x1536":"","2048x2048":"","covernews-slider-full":"","covernews-slider-center":"","covernews-featured":"","covernews-medium":"","covernews-medium-square":""},"author_info":{"display_name":"Mario Gir\u00f3n","author_link":"https:\/\/contextoanalisisperiodistico.com\/index.php\/author\/director\/"},"category_info":"<a href=\"https:\/\/contextoanalisisperiodistico.com\/index.php\/category\/politica\/\" rel=\"category tag\">Pol\u00edtica<\/a>","tag_info":"Pol\u00edtica","comment_count":"0","jetpack_featured_media_url":"","_links":{"self":[{"href":"https:\/\/contextoanalisisperiodistico.com\/index.php\/wp-json\/wp\/v2\/posts\/10420"}],"collection":[{"href":"https:\/\/contextoanalisisperiodistico.com\/index.php\/wp-json\/wp\/v2\/posts"}],"about":[{"href":"https:\/\/contextoanalisisperiodistico.com\/index.php\/wp-json\/wp\/v2\/types\/post"}],"author":[{"embeddable":true,"href":"https:\/\/contextoanalisisperiodistico.com\/index.php\/wp-json\/wp\/v2\/users\/4"}],"replies":[{"embeddable":true,"href":"https:\/\/contextoanalisisperiodistico.com\/index.php\/wp-json\/wp\/v2\/comments?post=10420"}],"version-history":[{"count":1,"href":"https:\/\/contextoanalisisperiodistico.com\/index.php\/wp-json\/wp\/v2\/posts\/10420\/revisions"}],"predecessor-version":[{"id":10425,"href":"https:\/\/contextoanalisisperiodistico.com\/index.php\/wp-json\/wp\/v2\/posts\/10420\/revisions\/10425"}],"wp:attachment":[{"href":"https:\/\/contextoanalisisperiodistico.com\/index.php\/wp-json\/wp\/v2\/media?parent=10420"}],"wp:term":[{"taxonomy":"category","embeddable":true,"href":"https:\/\/contextoanalisisperiodistico.com\/index.php\/wp-json\/wp\/v2\/categories?post=10420"},{"taxonomy":"post_tag","embeddable":true,"href":"https:\/\/contextoanalisisperiodistico.com\/index.php\/wp-json\/wp\/v2\/tags?post=10420"}],"curies":[{"name":"wp","href":"https:\/\/api.w.org\/{rel}","templated":true}]}}