{"id":10359,"date":"2023-03-16T19:21:38","date_gmt":"2023-03-17T01:21:38","guid":{"rendered":"https:\/\/contextoanalisisperiodistico.com\/?p=10359"},"modified":"2023-03-16T19:21:45","modified_gmt":"2023-03-17T01:21:45","slug":"atiende-gobierno-del-estado-de-manera-directa-solicitudes-de-autoridades-municipales-de-la-costa","status":"publish","type":"post","link":"https:\/\/contextoanalisisperiodistico.com\/index.php\/2023\/03\/16\/atiende-gobierno-del-estado-de-manera-directa-solicitudes-de-autoridades-municipales-de-la-costa\/","title":{"rendered":"Atiende Gobierno del Estado de manera directa solicitudes de autoridades municipales de la Costa"},"content":{"rendered":"<div id=\"fb-root\"><\/div>\n\n<p>\u2022 A trav\u00e9s de un \u00abNuevo modelo de Planeaci\u00f3n Estatal y de Atenci\u00f3n a las Autoridades Municipales\u00bb, se atender\u00e1 a todas las regiones de la entidad<\/p>\n\n\n\n<p>\u2022 En este primer encuentro, las dependencias del Gobierno de Oaxaca recibieron 297 solicitudes y peticiones de autoridades municipales, las cuales fueron canalizadas y atendidas de acuerdo a su complejidad<\/p>\n\n\n\n<p>Pinotepa Nacional, Oax. 16 de marzo de 2023.- Con la participaci\u00f3n de 21 presidentas y presidentes de municipios de la Costa oaxaque\u00f1a, el Gobernador Salom\u00f3n Jara Cruz llevo a cabo el primer Encuentro con Autoridades Municipales, para atender de manera directa y, trav\u00e9s de las dependencias del gobierno, las necesidades m\u00e1s apremiantes de los pueblos.<\/p>\n\n\n\n<p>\u00abEl objetivo de este encuentro es iniciar un proceso en donde las secretarias y secretarios est\u00e9n cercanos a las autoridades municipales. Vamos a hacer esto en todo el estado y en todas regiones para platicar y atender las necesidades de las autoridades sin hacer ninguna distinci\u00f3n\u00bb, afirm\u00f3.<\/p>\n\n\n\n<p>El Mandatario estatal se\u00f1al\u00f3 que, el \u00fanico inter\u00e9s con esta estrategia es focalizar los esfuerzos y acciones para detonar el desarrollo y progreso de los municipios. \u00abQueremos que en Oaxaca inicie el cambio. Hay un rezago de muchos a\u00f1os que requiere ser atendido para estar a la altura de un buen desarrollo\u00bb, dijo.<\/p>\n\n\n\n<p>A trav\u00e9s de la instalaci\u00f3n de diversas mesas de trabajo, las personas titulares de Secretar\u00edas y Direcciones del Gobierno de Oaxaca recibieron 297 solicitudes y peticiones de autoridades municipales, de las cuales, 45 fueron atendidas de manera inmediata, 76 ser\u00e1n solucionadas en un mediano y corto plazo y 176 ser\u00e1n sometidas a un an\u00e1lisis por su grado de complejidad.<\/p>\n\n\n\n<p>El titular de la Gubernatura expres\u00f3 que, este ser\u00e1 el \u00abNuevo modelo de Planeaci\u00f3n Estatal y de Atenci\u00f3n a las Autoridades Municipales\u00bb, mediante el cual se fortalecer\u00e1 la planeaci\u00f3n estrat\u00e9gica con base en prioridades y criterios de desarrollo social, econ\u00f3mico y ambiental que permita orientar y focalizar la inversi\u00f3n p\u00fablica estatal.<\/p>\n\n\n\n<p>Junto al presidente municipal de Santiago Pinotepa Nacional, Antonio Marbel Jim\u00e9nez, el Gobernador Salom\u00f3n Jara Cruz expres\u00f3 que su gobierno conoce las necesidades que los pueblos tienen, resultado del abandono de gobiernos anteriores, por lo que en esta nueva etapa con el apoyo del Gobierno federal se buscar\u00e1 resarcir las condiciones de pobreza y marginaci\u00f3n, as\u00ed como el analfabetismo en la entidad.<\/p>\n\n\n\n<p>En total, se instalaron seis mesas de trabajo d\u00f3nde se atendieron temas de salud, infraestructura, educaci\u00f3n entre otras.<\/p>\n\n\n\n<p>En la mesa de trabajo que instal\u00f3 la Secretar\u00eda de Fomento Agroalimentario y Desarrollo Rural (Sefader), se recibieron 27 solicitudes para la atenci\u00f3n del sector pesquero regional, las cuales se desarrollar\u00e1n en un corto y mediano plazo.<\/p>\n\n\n\n<p>La Secretar\u00eda de Gobierno (Sego), atendi\u00f3 algunos planteamientos que ser\u00e1n encaminados para dar la estabilidad social y la tranquilidad de la regi\u00f3n, siendo que es considerada de conflictividad social media alta. Los principales problemas que el gobierno y las autoridades enfrentan en esta regi\u00f3n tiene que ver con el transporte p\u00fablico, con los recursos a agencias municipales y bloqueos carreteros que afectan a la sociedad y su econom\u00eda.<\/p>\n\n\n\n<p>En este encuentro, el mandatario recibi\u00f3 la petici\u00f3n de tatamandones de Santiago Tetepec, quienes le solicitaron el apoyo para reconstruir el Palacio Municipal del lugar, toda vez que en una reciente asamblea se determin\u00f3 derribar el inmueble por presentar gran deterioro que ha hecho imposible trabajar ah\u00ed por m\u00e1s de dos a\u00f1os.<\/p>\n\n\n\n<p>Asimismo, autoridades de San Juan Colorado solicitaron la pavimentaci\u00f3n de 4 kil\u00f3metros de la carretera que los comunica con Pinotepa de Don Luis, y que beneficiar\u00e1 a las comunidades de esta microrregi\u00f3n.<\/p>\n\n\n\n<p>Otra de las solicitudes realizadas al Gobernador fue la construcci\u00f3n de la Universidad Afromexicana en esta regi\u00f3n, proyecto que no se ha concretado con el Gobierno de M\u00e9xico desde la administraci\u00f3n pasada y que permitir\u00e1 a la entidad contar con una instituci\u00f3n educativa \u00fanica en su tipo en todo el pa\u00eds.<\/p>\n\n\n\n<p>-0-<\/p>\n\n\n\n<figure class=\"wp-block-image size-large\"><img decoding=\"async\" src=\"https:\/\/contextoanalisisperiodistico.com\/wp-content\/uploads\/2023\/03\/img-20230316-wa00951983778152346663240-1024x682.jpg\" alt=\"\" class=\"wp-image-10362\"\/><\/figure>\n\n\n\n<figure class=\"wp-block-image\"><img decoding=\"async\" src=\"https:\/\/contextoanalisisperiodistico.com\/wp-content\/uploads\/2023\/03\/img-20230316-wa00937563353863928770063-1024x682.jpg\" alt=\"\" class=\"wp-image-10361\"\/><\/figure>\n\n\n\n<figure class=\"wp-block-image\"><img decoding=\"async\" src=\"https:\/\/contextoanalisisperiodistico.com\/wp-content\/uploads\/2023\/03\/img-20230316-wa00921546831430494231142-1024x682.jpg\" alt=\"\" class=\"wp-image-10363\"\/><\/figure>\n","protected":false},"excerpt":{"rendered":"<p>\u2022 A trav\u00e9s de un \u00abNuevo modelo de Planeaci\u00f3n Estatal y de Atenci\u00f3n a las&#8230;<\/p>\n","protected":false},"author":4,"featured_media":0,"comment_status":"open","ping_status":"open","sticky":false,"template":"","format":"standard","meta":{"footnotes":""},"categories":[9],"tags":[],"jetpack_sharing_enabled":true,"featured_image_urls":{"full":"","thumbnail":"","medium":"","medium_large":"","large":"","1536x1536":"","2048x2048":"","covernews-slider-full":"","covernews-slider-center":"","covernews-featured":"","covernews-medium":"","covernews-medium-square":""},"author_info":{"display_name":"Mario Gir\u00f3n","author_link":"https:\/\/contextoanalisisperiodistico.com\/index.php\/author\/director\/"},"category_info":"<a href=\"https:\/\/contextoanalisisperiodistico.com\/index.php\/category\/politica\/\" rel=\"category tag\">Pol\u00edtica<\/a>","tag_info":"Pol\u00edtica","comment_count":"0","jetpack_featured_media_url":"","_links":{"self":[{"href":"https:\/\/contextoanalisisperiodistico.com\/index.php\/wp-json\/wp\/v2\/posts\/10359"}],"collection":[{"href":"https:\/\/contextoanalisisperiodistico.com\/index.php\/wp-json\/wp\/v2\/posts"}],"about":[{"href":"https:\/\/contextoanalisisperiodistico.com\/index.php\/wp-json\/wp\/v2\/types\/post"}],"author":[{"embeddable":true,"href":"https:\/\/contextoanalisisperiodistico.com\/index.php\/wp-json\/wp\/v2\/users\/4"}],"replies":[{"embeddable":true,"href":"https:\/\/contextoanalisisperiodistico.com\/index.php\/wp-json\/wp\/v2\/comments?post=10359"}],"version-history":[{"count":1,"href":"https:\/\/contextoanalisisperiodistico.com\/index.php\/wp-json\/wp\/v2\/posts\/10359\/revisions"}],"predecessor-version":[{"id":10364,"href":"https:\/\/contextoanalisisperiodistico.com\/index.php\/wp-json\/wp\/v2\/posts\/10359\/revisions\/10364"}],"wp:attachment":[{"href":"https:\/\/contextoanalisisperiodistico.com\/index.php\/wp-json\/wp\/v2\/media?parent=10359"}],"wp:term":[{"taxonomy":"category","embeddable":true,"href":"https:\/\/contextoanalisisperiodistico.com\/index.php\/wp-json\/wp\/v2\/categories?post=10359"},{"taxonomy":"post_tag","embeddable":true,"href":"https:\/\/contextoanalisisperiodistico.com\/index.php\/wp-json\/wp\/v2\/tags?post=10359"}],"curies":[{"name":"wp","href":"https:\/\/api.w.org\/{rel}","templated":true}]}}