{"id":10335,"date":"2023-03-16T17:01:07","date_gmt":"2023-03-16T23:01:07","guid":{"rendered":"https:\/\/contextoanalisisperiodistico.com\/?p=10335"},"modified":"2023-03-16T17:01:49","modified_gmt":"2023-03-16T23:01:49","slug":"municipio-capitalino-inaugura-expoferia-ambiental-de-primavera-2023","status":"publish","type":"post","link":"https:\/\/contextoanalisisperiodistico.com\/index.php\/2023\/03\/16\/municipio-capitalino-inaugura-expoferia-ambiental-de-primavera-2023\/","title":{"rendered":"Municipio capitalino inaugura Expoferia Ambiental de Primavera 2023."},"content":{"rendered":"<div id=\"fb-root\"><\/div>\n\n<p>\u2022 Del 16 al 19 de marzo, la Expoferia Ambiental de Primavera 2023, estar\u00e1 abierta al p\u00fablico. Podr\u00e1n realizarse diferentes actividades.<\/p>\n\n\n\n<p>Oaxaca de Ju\u00e1rez, Oax., a 16 de marzo de 2023.- El presidente municipal de Oaxaca de Ju\u00e1rez, Francisco Mart\u00ednez Neri, acompa\u00f1ado de la secretaria de Medio Ambiente y Cambio Clim\u00e1tico, Elsa Ortiz Rodr\u00edguez, as\u00ed como del subsecretario de Energ\u00eda de la Secretar\u00eda del Medio Ambiente, Biodiversidad, Energ\u00edas y Sostenibilidad del estado de Oaxaca, Fernando Bustamante, inaugur\u00f3 los Programas: \u00abMi composta, mi familia y mi ciudad\u00bb y \u00abReciclando por Nuestra Ciudad\u00bb. Esto en el marco de la Expoferia Ambiental de Primavera 2023.<\/p>\n\n\n\n<p>En este evento podr\u00e1n disfrutar de talleres con tem\u00e1tica ambiental, as\u00ed como obras de teatro, conferencias, adem\u00e1s de visitar 30 stands con productos org\u00e1nicos, como cosm\u00e9ticos naturales, productos reciclados, plantas, productos a base de miel, entre otras.<\/p>\n\n\n\n<p>Durante la inauguraci\u00f3n, y acompa\u00f1ado de la coordinadora y fundadora del Grupo Adopta Mi Planta Oaxaca, Blanca Azucena Cruz Hern\u00e1ndez, la promotora de la ciencia y creadora de \u00abCiencia M\u00e1gica\u00bb, Alondra Jazm\u00edn Fraustro, la bi\u00f3loga, Rebeca Mart\u00ednez, de la Red de J\u00f3venes por la Biodiversidad, as\u00ed como de funcionarias y funcionarios municipales, el edil capitalino se\u00f1al\u00f3 qu\u00e9 tenemos que hacer preservar la vida a partir de acciones.<\/p>\n\n\n\n<p>\u201cMi composta, mi familia y mi ciudad, y Reciclando por Nuestra Ciudad, son actividades importantes que aportan un granito de arena para resolver una problem\u00e1tica\u201d, acot\u00f3.<\/p>\n\n\n\n<p>En su intervenci\u00f3n, la secretaria de Medio Ambiente y Cambio Clim\u00e1tico, Elsa Ortiz Rodr\u00edguez, puntualiz\u00f3 que cuando la sociedad civil y el gobierno se unen es posible hacer grandes cosas.<\/p>\n\n\n\n<p>De esta manera, la Expoferia es una oportunidad para que la ciudadan\u00eda de Oaxaca de Ju\u00e1rez pueda aprender, disfrutar y comprometerse con el cuidado del medio ambiente.<\/p>\n\n\n\n<figure class=\"wp-block-image size-large\"><img decoding=\"async\" src=\"https:\/\/contextoanalisisperiodistico.com\/wp-content\/uploads\/2023\/03\/img-20230316-wa0065529923370035395388-1024x676.jpg\" alt=\"\" class=\"wp-image-10337\"\/><\/figure>\n\n\n\n<figure class=\"wp-block-image\"><img decoding=\"async\" src=\"https:\/\/contextoanalisisperiodistico.com\/wp-content\/uploads\/2023\/03\/img-20230316-wa00665802064812814055368-1024x683.jpg\" alt=\"\" class=\"wp-image-10338\"\/><\/figure>\n","protected":false},"excerpt":{"rendered":"<p>\u2022 Del 16 al 19 de marzo, la Expoferia Ambiental de Primavera 2023, estar\u00e1 abierta&#8230;<\/p>\n","protected":false},"author":4,"featured_media":0,"comment_status":"open","ping_status":"open","sticky":false,"template":"","format":"standard","meta":{"footnotes":""},"categories":[9],"tags":[],"jetpack_sharing_enabled":true,"featured_image_urls":{"full":"","thumbnail":"","medium":"","medium_large":"","large":"","1536x1536":"","2048x2048":"","covernews-slider-full":"","covernews-slider-center":"","covernews-featured":"","covernews-medium":"","covernews-medium-square":""},"author_info":{"display_name":"Mario Gir\u00f3n","author_link":"https:\/\/contextoanalisisperiodistico.com\/index.php\/author\/director\/"},"category_info":"<a href=\"https:\/\/contextoanalisisperiodistico.com\/index.php\/category\/politica\/\" rel=\"category tag\">Pol\u00edtica<\/a>","tag_info":"Pol\u00edtica","comment_count":"0","jetpack_featured_media_url":"","_links":{"self":[{"href":"https:\/\/contextoanalisisperiodistico.com\/index.php\/wp-json\/wp\/v2\/posts\/10335"}],"collection":[{"href":"https:\/\/contextoanalisisperiodistico.com\/index.php\/wp-json\/wp\/v2\/posts"}],"about":[{"href":"https:\/\/contextoanalisisperiodistico.com\/index.php\/wp-json\/wp\/v2\/types\/post"}],"author":[{"embeddable":true,"href":"https:\/\/contextoanalisisperiodistico.com\/index.php\/wp-json\/wp\/v2\/users\/4"}],"replies":[{"embeddable":true,"href":"https:\/\/contextoanalisisperiodistico.com\/index.php\/wp-json\/wp\/v2\/comments?post=10335"}],"version-history":[{"count":1,"href":"https:\/\/contextoanalisisperiodistico.com\/index.php\/wp-json\/wp\/v2\/posts\/10335\/revisions"}],"predecessor-version":[{"id":10339,"href":"https:\/\/contextoanalisisperiodistico.com\/index.php\/wp-json\/wp\/v2\/posts\/10335\/revisions\/10339"}],"wp:attachment":[{"href":"https:\/\/contextoanalisisperiodistico.com\/index.php\/wp-json\/wp\/v2\/media?parent=10335"}],"wp:term":[{"taxonomy":"category","embeddable":true,"href":"https:\/\/contextoanalisisperiodistico.com\/index.php\/wp-json\/wp\/v2\/categories?post=10335"},{"taxonomy":"post_tag","embeddable":true,"href":"https:\/\/contextoanalisisperiodistico.com\/index.php\/wp-json\/wp\/v2\/tags?post=10335"}],"curies":[{"name":"wp","href":"https:\/\/api.w.org\/{rel}","templated":true}]}}