{"id":1033,"date":"2022-02-25T14:53:27","date_gmt":"2022-02-25T20:53:27","guid":{"rendered":"https:\/\/contextoanalisisperiodistico.com.mx\/?p=1033"},"modified":"2022-02-25T14:53:27","modified_gmt":"2022-02-25T20:53:27","slug":"fuera-mascara-el-verdadero-rostro-de-diana-luz-vasquez","status":"publish","type":"post","link":"https:\/\/contextoanalisisperiodistico.com\/index.php\/2022\/02\/25\/fuera-mascara-el-verdadero-rostro-de-diana-luz-vasquez\/","title":{"rendered":"FUERA M\u00c1SCARA; EL VERDADERO ROSTRO DE DIANA LUZ V\u00c1SQUEZ"},"content":{"rendered":"<div id=\"fb-root\"><\/div>\n\n<p><em>Informaci\u00f3n de inter\u00e9s p\u00fablico tomado del perfil Facebook de Juan Miguel Rojas<\/em><\/p>\n\n\n\n<p><strong>* Due\u00f1a del tendedero exhibiendo a presuntos deudores de pensiones alimentarias<\/strong>, <strong>expone en estado de ebriedad a su menor hija<\/strong><\/p>\n\n\n\n<p>Se hace un llamado a la Secretar\u00eda de la Mujer, el DIF Estatal, la UNISEF, la Procuradur\u00eda de Protecci\u00f3n de Ni\u00f1as, Ni\u00f1os y Adolescentes, a Ivette Moran de Murat, a Beatriz Guti\u00e9rrez M\u00fcller y a Eufrosina Cruz Mendoza ante los hechos ocurridos en el municipio de Santa Cruz Xoxocotl\u00e1n en los cuales se vio involucrada Diana Luz V\u00e1zquez Ru\u00edz, quien se ha ostentado como una defensora de las mujeres y quien pone en riesgo la vida de su hija al conducir un veh\u00edculo en pleno estado de ebriedad y efectos de drogas, hechos que ya se encontraban exhibidos y el d\u00eda de hoy fueron comprobados.<\/p>\n\n\n\n<p>Esto no es cosa menor para dejarla pasar ya que representa el peligro que Diana Luz V\u00e1zquez Ruiz puede causar a si hija, a terceros que se puedan ver involucrados y deja ver el fraude que puede llegar a representar ella en si misma.<\/p>\n\n\n\n<p>Toda mujer y madre que se aprecie de serlo sabe que lo m\u00e1s valioso es la vida de una hija o un hijo, estas acciones demuestran la falta de cari\u00f1o, cuidado, amor e importancia que Diana Luz V\u00e1zquez Ru\u00edz tiene con su hija, a quien ha hecho publica en diferentes medios de comunicaci\u00f3n como parte de su \u201ccausa social\u201d que despu\u00e9s de esto, deja muy en claro que solo es una causa personal y muy probablemente pol\u00edtica o de lucro.<\/p>\n\n\n\n<p>Es de mencionar que en un acto de congruencia con la lucha, con su ideolog\u00eda y principios, los grupos feministas de Oaxaca y del Pa\u00eds que procuran la construcci\u00f3n de una sociedad digna donde toda mujer pueda gozar de una libertad de desarrollo y no violencia, se pronuncien sobre este asunto ya que lo cometido por Diana Luz V\u00e1zquez Ru\u00edz va en contra de todo lo que dicen defender y m\u00e1s all\u00e1 de eso, pone en riesgo la lucha verdadera de mujeres que buscan un cambio en sus familias o en sus comunidades, pone en riesgo los logros que leg\u00edtimamente muchas mujeres han conseguido con sufrimiento, con dolor y siendo victimas reales de violencia; queda clara la diferencia de actuar de quienes si tienen una convicci\u00f3n real y quienes no, puesto que muchas mujeres, madres y luchadoras, no hubieran cometido un atropello tan grande e irresponsable.<\/p>\n\n\n\n<p>Que este llamado a las autoridades sea por el bien de la menor, pues debemos preguntarnos \u00bfMientras Diana Luz V\u00e1zquez Ru\u00edz consum\u00eda bebidas alcoh\u00f3licas y drogas en la noche su hija estaba con ella?, \u00bfLa ni\u00f1a se qued\u00f3 sola e indefensa mientras su mam\u00e1 consum\u00eda bebidas alcoh\u00f3licas y drogas en la noche?<\/p>\n\n\n\n<figure class=\"wp-block-video wp-block-embed is-type-video is-provider-videopress\"><div class=\"wp-block-embed__wrapper\">\nhttps:\/\/videopress.com\/v\/jP9OGAwR?resizeToParent=true&#038;cover=true&#038;preloadContent=metadata&#038;useAverageColor=true\n<\/div><\/figure>\n","protected":false},"excerpt":{"rendered":"<p>Informaci\u00f3n de inter\u00e9s p\u00fablico tomado del perfil Facebook de Juan Miguel Rojas * Due\u00f1a del&#8230;<\/p>\n","protected":false},"author":2,"featured_media":1037,"comment_status":"open","ping_status":"open","sticky":false,"template":"","format":"standard","meta":{"footnotes":""},"categories":[3],"tags":[],"jetpack_sharing_enabled":true,"featured_image_urls":{"full":"","thumbnail":"","medium":"","medium_large":"","large":"","1536x1536":"","2048x2048":"","covernews-slider-full":"","covernews-slider-center":"","covernews-featured":"","covernews-medium":"","covernews-medium-square":""},"author_info":{"display_name":"Miguel","author_link":"https:\/\/contextoanalisisperiodistico.com\/index.php\/author\/editor\/"},"category_info":"<a href=\"https:\/\/contextoanalisisperiodistico.com\/index.php\/category\/ciudad\/\" rel=\"category tag\">Ciudad<\/a>","tag_info":"Ciudad","comment_count":"0","jetpack_featured_media_url":"","_links":{"self":[{"href":"https:\/\/contextoanalisisperiodistico.com\/index.php\/wp-json\/wp\/v2\/posts\/1033"}],"collection":[{"href":"https:\/\/contextoanalisisperiodistico.com\/index.php\/wp-json\/wp\/v2\/posts"}],"about":[{"href":"https:\/\/contextoanalisisperiodistico.com\/index.php\/wp-json\/wp\/v2\/types\/post"}],"author":[{"embeddable":true,"href":"https:\/\/contextoanalisisperiodistico.com\/index.php\/wp-json\/wp\/v2\/users\/2"}],"replies":[{"embeddable":true,"href":"https:\/\/contextoanalisisperiodistico.com\/index.php\/wp-json\/wp\/v2\/comments?post=1033"}],"version-history":[{"count":0,"href":"https:\/\/contextoanalisisperiodistico.com\/index.php\/wp-json\/wp\/v2\/posts\/1033\/revisions"}],"wp:featuredmedia":[{"embeddable":true,"href":"https:\/\/contextoanalisisperiodistico.com\/index.php\/wp-json\/"}],"wp:attachment":[{"href":"https:\/\/contextoanalisisperiodistico.com\/index.php\/wp-json\/wp\/v2\/media?parent=1033"}],"wp:term":[{"taxonomy":"category","embeddable":true,"href":"https:\/\/contextoanalisisperiodistico.com\/index.php\/wp-json\/wp\/v2\/categories?post=1033"},{"taxonomy":"post_tag","embeddable":true,"href":"https:\/\/contextoanalisisperiodistico.com\/index.php\/wp-json\/wp\/v2\/tags?post=1033"}],"curies":[{"name":"wp","href":"https:\/\/api.w.org\/{rel}","templated":true}]}}