{"id":1032,"date":"2022-02-25T13:20:38","date_gmt":"2022-02-25T19:20:38","guid":{"rendered":"http:\/\/contextoanalisisperiodistico.com.mx\/2022\/02\/25\/las-mujeres-pueden-y-lo-demuestran-para-bien-de-oaxaca\/"},"modified":"2022-02-25T13:20:38","modified_gmt":"2022-02-25T19:20:38","slug":"las-mujeres-pueden-y-lo-demuestran-para-bien-de-oaxaca","status":"publish","type":"post","link":"https:\/\/contextoanalisisperiodistico.com\/index.php\/2022\/02\/25\/las-mujeres-pueden-y-lo-demuestran-para-bien-de-oaxaca\/","title":{"rendered":"Las mujeres pueden y lo demuestran para bien de Oaxaca"},"content":{"rendered":"<div id=\"fb-root\"><\/div>\n\n<p>En buenas manos de mujer seria, responsable y experiencia recae la seguridad estatal.<br \/>Ratifican a Dalia Ba\u00f1os Noyola al frente de la Secretar\u00eda de Seguridad P\u00fablica de Oaxaca; se suma a la lista de mujeres que encabezan una Secretar\u00eda en el Gobierno de Oaxaca.<\/p>\n","protected":false},"excerpt":{"rendered":"<p>En buenas manos de mujer seria, responsable y experiencia recae la seguridad estatal.Ratifican a Dalia&#8230;<\/p>\n","protected":false},"author":2,"featured_media":1031,"comment_status":"open","ping_status":"open","sticky":false,"template":"","format":"standard","meta":{"footnotes":""},"categories":[9,10],"tags":[],"jetpack_sharing_enabled":true,"featured_image_urls":{"full":"","thumbnail":"","medium":"","medium_large":"","large":"","1536x1536":"","2048x2048":"","covernews-slider-full":"","covernews-slider-center":"","covernews-featured":"","covernews-medium":"","covernews-medium-square":""},"author_info":{"display_name":"Miguel","author_link":"https:\/\/contextoanalisisperiodistico.com\/index.php\/author\/editor\/"},"category_info":"<a href=\"https:\/\/contextoanalisisperiodistico.com\/index.php\/category\/politica\/\" rel=\"category tag\">Pol\u00edtica<\/a> <a href=\"https:\/\/contextoanalisisperiodistico.com\/index.php\/category\/seguridad\/\" rel=\"category tag\">Seguridad<\/a>","tag_info":"Seguridad","comment_count":"0","jetpack_featured_media_url":"","_links":{"self":[{"href":"https:\/\/contextoanalisisperiodistico.com\/index.php\/wp-json\/wp\/v2\/posts\/1032"}],"collection":[{"href":"https:\/\/contextoanalisisperiodistico.com\/index.php\/wp-json\/wp\/v2\/posts"}],"about":[{"href":"https:\/\/contextoanalisisperiodistico.com\/index.php\/wp-json\/wp\/v2\/types\/post"}],"author":[{"embeddable":true,"href":"https:\/\/contextoanalisisperiodistico.com\/index.php\/wp-json\/wp\/v2\/users\/2"}],"replies":[{"embeddable":true,"href":"https:\/\/contextoanalisisperiodistico.com\/index.php\/wp-json\/wp\/v2\/comments?post=1032"}],"version-history":[{"count":0,"href":"https:\/\/contextoanalisisperiodistico.com\/index.php\/wp-json\/wp\/v2\/posts\/1032\/revisions"}],"wp:featuredmedia":[{"embeddable":true,"href":"https:\/\/contextoanalisisperiodistico.com\/index.php\/wp-json\/"}],"wp:attachment":[{"href":"https:\/\/contextoanalisisperiodistico.com\/index.php\/wp-json\/wp\/v2\/media?parent=1032"}],"wp:term":[{"taxonomy":"category","embeddable":true,"href":"https:\/\/contextoanalisisperiodistico.com\/index.php\/wp-json\/wp\/v2\/categories?post=1032"},{"taxonomy":"post_tag","embeddable":true,"href":"https:\/\/contextoanalisisperiodistico.com\/index.php\/wp-json\/wp\/v2\/tags?post=1032"}],"curies":[{"name":"wp","href":"https:\/\/api.w.org\/{rel}","templated":true}]}}