{"id":10318,"date":"2023-03-16T10:14:47","date_gmt":"2023-03-16T16:14:47","guid":{"rendered":"https:\/\/contextoanalisisperiodistico.com\/?p=10318"},"modified":"2023-03-16T10:14:55","modified_gmt":"2023-03-16T16:14:55","slug":"desarticula-sspc-de-oaxaca-banda-delictiva-que-operaba-en-salina-cruz","status":"publish","type":"post","link":"https:\/\/contextoanalisisperiodistico.com\/index.php\/2023\/03\/16\/desarticula-sspc-de-oaxaca-banda-delictiva-que-operaba-en-salina-cruz\/","title":{"rendered":"Desarticula SSPC de Oaxaca banda delictiva que operaba en Salina Cruz"},"content":{"rendered":"<div id=\"fb-root\"><\/div>\n\n<p><br>\u2022 La Polic\u00eda Estatal tambi\u00e9n detuvo en la regi\u00f3n de la Costa a dos masculinos por portaci\u00f3n de arma de fuego<br>Oaxaca de Ju\u00e1rez, Oaxaca; a 16 de marzo de 2023.- La Secretar\u00eda de Seguridad y Protecci\u00f3n Ciudadana (SSPC) del estado de Oaxaca desarticul\u00f3 una banda delincuencial que operaba en el municipio de Salina Cruz en el Istmo de Tehuantepec.<br>El subsecretario de Prevenci\u00f3n y Reinserci\u00f3n Social de la SSPC, Roberto Claudio Castillo, inform\u00f3 que gracias a trabajos de inteligencia se ubic\u00f3 a la organizaci\u00f3n delictiva integrada por seis personas, quienes fueron detenidas.<br>Dio a conocer que dicha acci\u00f3n se logr\u00f3 mediante una orden de cateo efectuada en un bar clandestino ubicado en la calle 5 de Febrero de la colonia Centro del puerto de Salina Cruz, donde se aseguraron 122 dosis de presuntas drogas como cristal, marihuana, coca\u00edna, as\u00ed como ocho encendedores y dos libretas.<br>Asimismo, se decomisaron dos tel\u00e9fonos celulares, dos tablas con orificios, usualmente utilizadas por la delincuencia organizada para castigo, as\u00ed como un arma de fuego marca Pietro Beretta, abastecida con un cargador y un cargador extra, con un total de 12 cartuchos \u00fatiles.<br>Derivado tambi\u00e9n de los recorridos de seguridad, la Polic\u00eda Estatal logr\u00f3 la detenci\u00f3n de dos masculinos, a quienes se les aseguraron un arma de fuego tipo fusil, dos armas de fuego tipo pistola y un autom\u00f3vil marca Volkswagen, tipo Jetta Beetle, en el municipio de San Pedro Pochutla de la regi\u00f3n de la Costa.<br>Las detenciones y aseguramientos derivados de dichos operativos, fueron puestos a disposici\u00f3n de la autoridad correspondiente.<br>Con estas acciones coordinadas, se fortalece el trabajo entre los diferentes niveles de gobierno, para combatir la delincuencia y garantizar la seguridad ciudadana. Es fundamental que las autoridades trabajen de la mano para enfrentar los desaf\u00edos de seguridad en las distintas regiones del estado.<\/p>\n\n\n\n<p>-0-<\/p>\n\n\n\n<figure class=\"wp-block-image size-large\"><img decoding=\"async\" src=\"https:\/\/contextoanalisisperiodistico.com\/wp-content\/uploads\/2023\/03\/img-20230316-wa00236026464283925157990-1024x576.jpg\" alt=\"\" class=\"wp-image-10320\"\/><\/figure>\n","protected":false},"excerpt":{"rendered":"<p>\u2022 La Polic\u00eda Estatal tambi\u00e9n detuvo en la regi\u00f3n de la Costa a dos masculinos&#8230;<\/p>\n","protected":false},"author":4,"featured_media":0,"comment_status":"open","ping_status":"open","sticky":false,"template":"","format":"standard","meta":{"footnotes":""},"categories":[9,10],"tags":[],"jetpack_sharing_enabled":true,"featured_image_urls":{"full":"","thumbnail":"","medium":"","medium_large":"","large":"","1536x1536":"","2048x2048":"","covernews-slider-full":"","covernews-slider-center":"","covernews-featured":"","covernews-medium":"","covernews-medium-square":""},"author_info":{"display_name":"Mario Gir\u00f3n","author_link":"https:\/\/contextoanalisisperiodistico.com\/index.php\/author\/director\/"},"category_info":"<a href=\"https:\/\/contextoanalisisperiodistico.com\/index.php\/category\/politica\/\" rel=\"category tag\">Pol\u00edtica<\/a> <a href=\"https:\/\/contextoanalisisperiodistico.com\/index.php\/category\/seguridad\/\" rel=\"category tag\">Seguridad<\/a>","tag_info":"Seguridad","comment_count":"0","jetpack_featured_media_url":"","_links":{"self":[{"href":"https:\/\/contextoanalisisperiodistico.com\/index.php\/wp-json\/wp\/v2\/posts\/10318"}],"collection":[{"href":"https:\/\/contextoanalisisperiodistico.com\/index.php\/wp-json\/wp\/v2\/posts"}],"about":[{"href":"https:\/\/contextoanalisisperiodistico.com\/index.php\/wp-json\/wp\/v2\/types\/post"}],"author":[{"embeddable":true,"href":"https:\/\/contextoanalisisperiodistico.com\/index.php\/wp-json\/wp\/v2\/users\/4"}],"replies":[{"embeddable":true,"href":"https:\/\/contextoanalisisperiodistico.com\/index.php\/wp-json\/wp\/v2\/comments?post=10318"}],"version-history":[{"count":1,"href":"https:\/\/contextoanalisisperiodistico.com\/index.php\/wp-json\/wp\/v2\/posts\/10318\/revisions"}],"predecessor-version":[{"id":10321,"href":"https:\/\/contextoanalisisperiodistico.com\/index.php\/wp-json\/wp\/v2\/posts\/10318\/revisions\/10321"}],"wp:attachment":[{"href":"https:\/\/contextoanalisisperiodistico.com\/index.php\/wp-json\/wp\/v2\/media?parent=10318"}],"wp:term":[{"taxonomy":"category","embeddable":true,"href":"https:\/\/contextoanalisisperiodistico.com\/index.php\/wp-json\/wp\/v2\/categories?post=10318"},{"taxonomy":"post_tag","embeddable":true,"href":"https:\/\/contextoanalisisperiodistico.com\/index.php\/wp-json\/wp\/v2\/tags?post=10318"}],"curies":[{"name":"wp","href":"https:\/\/api.w.org\/{rel}","templated":true}]}}